{"id":1007,"date":"2013-03-15T11:22:16","date_gmt":"2013-03-15T15:22:16","guid":{"rendered":"http:\/\/inovacao.bellatrix.ufms.br\/?p=1007"},"modified":"2022-07-22T13:51:31","modified_gmt":"2022-07-22T17:51:31","slug":"governo-lanca-o-plano-inova-empresa","status":"publish","type":"post","link":"https:\/\/aginova.ufms.br\/en\/governo-lanca-o-plano-inova-empresa\/","title":{"rendered":"Governo lan\u00e7a o Plano Inova Empresa"},"content":{"rendered":"<p>O Plano Inova Empresa, lan\u00e7ado nesta quinta-feira (14\/3) pelo governo federal, prev\u00ea investimentos de R$ 32,9 bilh\u00f5es para impulsionar a produtividade e a competitividade da economia brasileira por meio da inova\u00e7\u00e3o tecnol\u00f3gica. Mas, para a presidenta Dilma Rousseff, a grande caracter\u00edstica do projeto \u00e9 integrar em uma mesma matriz todos os recursos destinados a estimular a atividade.<\/p>\n<p>\u201cAgora vamos olhar a efic\u00e1cia e assegurar que o dinheiro vai sair daqui e ir para a inova\u00e7\u00e3o\u201d, disse Dilma. \u201cIsso significa que n\u00f3s vamos ter uma porta \u00fanica, para que esses recursos trilhem um caminho dentro das necessidades do Brasil em termos de ci\u00eancia, tecnologia e inova\u00e7\u00e3o. \u00c9 a nossa articula\u00e7\u00e3o que vai iluminar esse caminho.\u201d<\/p>\n<p>Para a presidenta, o Inova Empresa reproduz a f\u00f3rmula dos programas sociais Bolsa Fam\u00edlia e Minha Casa Minha Vida, que alcan\u00e7aram sucesso ap\u00f3s agregar recursos e a\u00e7\u00f5es dispersas do governo. \u201cNenhum projeto, nenhum programa brasileiro deu certo sem integrar seus setores\u201d, ressaltou.<\/p>\n<p>Ela afirmou que, hoje, o Brasil tem condi\u00e7\u00f5es de dar import\u00e2ncia \u00e0 quest\u00e3o da inova\u00e7\u00e3o, necess\u00e1ria para o desenvolvimento do pa\u00eds. \u201cInovar, para o Brasil, \u00e9 uma quest\u00e3o de estar \u00e0 altura do seu potencial\u201d, declarou. \u201cSei que n\u00f3s precisamos de tomar uma provid\u00eancia, e a tomamos. Temos que dedicar toda nossa aten\u00e7\u00e3o para que tenhamos um pa\u00eds mais construtivo, menos desigual e uma economia com grande capacidade de ser produtiva e competitiva.\u201d\u00a0<a href=\"http:\/\/blog.planalto.gov.br\/ao-vivo-plano-inova-empresa-tera-r-329-bilhoes-para-tornar-empresas-brasileiras-mais-competitivas\/\" target=\"_blank\" rel=\"noopener\">Leia mais.<\/a><\/p>\n<p>Respons\u00e1vel por apresentar o plano, o ministro da Ci\u00eancia, Tecnologia e Inova\u00e7\u00e3o, Marco Antonio Raupp, explicou a composi\u00e7\u00e3o do comit\u00ea gestor. Al\u00e9m da pasta comandada por ele, listou, o colegiado envolve a Casa Civil da Presid\u00eancia da Rep\u00fablica, os minist\u00e9rios da Educa\u00e7\u00e3o (MEC), da Ind\u00fastria, Desenvolvimento e Com\u00e9rcio Exterior (MDIC) e da Fazenda (MF) e a Secretaria da Micro e Pequena Empresa. \u201cPara isso andar bem, precisamos de gest\u00e3o eficiente e estrutura \u00e1gil\u201d, defendeu.<\/p>\n<p><strong>Efici\u00eancia<\/strong><\/p>\n<p>\u201cO Inova Empresa \u00e9 um plano do governo federal, n\u00e3o \u00e9 do MCTI nem de outra pasta espec\u00edfica\u201d, completou Raupp. \u201cA formula\u00e7\u00e3o envolveu todas as institui\u00e7\u00f5es part\u00edcipes. Queremos a maior efici\u00eancia poss\u00edvel e evitar ao m\u00e1ximo a burocracia e a perda de tempo nos procedimentos.\u201d<\/p>\n<p>Outros oito minist\u00e9rios entram como parceiros no plano: Sa\u00fade, Defesa, Agricultura, Pecu\u00e1ria e Abastecimento, Educa\u00e7\u00e3o, Trabalho e Emprego, Comunica\u00e7\u00f5es, Minas e Energia e Meio Ambiente.<\/p>\n<p>Previstos para execu\u00e7\u00e3o em 2013 e 2014, os R$ 32,9 bilh\u00f5es do Inova Empresa se dividem em R$ 28,5 bilh\u00f5es de investimento direto e R$ 4,4 bilh\u00f5es oriundos de institui\u00e7\u00f5es parceiras, como as ag\u00eancias nacionais do Petr\u00f3leo, G\u00e1s Natural e Biocombust\u00edveis (ANP\/MME) e de Energia El\u00e9trica (Aneel\/MME) e o Servi\u00e7o Brasileiro de Apoio \u00e0s Micro e Pequenas Empresas (Sebrae).<\/p>\n<p>\u201cIsso \u00e9 in\u00e9dito na hist\u00f3ria da pol\u00edtica de ci\u00eancia e tecnologia desse pa\u00eds\u201d, apontou Raupp, a respeito da concentra\u00e7\u00e3o de recursos e da participa\u00e7\u00e3o integrada do governo. O ministro acrescentou que o plano deve receber mais R$ 3,5 bilh\u00f5es da Ag\u00eancia Nacional de Telecomunica\u00e7\u00f5es (Anatel\/MC): \u201cNas audi\u00eancias p\u00fablicas para regula\u00e7\u00e3o do setor, a ag\u00eancia est\u00e1 exigindo das empresas investimento em pesquisa e desenvolvimento em telecomunica\u00e7\u00f5es, \u00e1rea de import\u00e2ncia decisiva para o nosso desenvolvimento\u201d.<\/p>\n<p>O investimento direto\u00a0<a href=\"http:\/\/www.mct.gov.br\/index.php\/content\/view\/345708\/Governo_federal_lanca_Plano_Inova_Empresa.html\" target=\"_blank\" rel=\"noopener\">se divide em quatro linhas de financiamento<\/a>. A maior parte do montante, R$ 23,5 bilh\u00f5es, destina-se a \u00e1reas estrat\u00e9gicas definidas pelo\u00a0<a href=\"http:\/\/www.brasilmaior.mdic.gov.br\/\" target=\"_blank\" rel=\"noopener\">Plano Brasil Maior<\/a>: cadeia agropecu\u00e1ria (R$ 3 bilh\u00f5es), energias (R$ 5,7 bilh\u00f5es), petr\u00f3leo e g\u00e1s (R$ 4,1 bilh\u00f5es), complexo da sa\u00fade (R$ 3,6 bilh\u00f5es), complexo aeroespacial e defesa (R$ 2,9 bilh\u00f5es), tecnologias da informa\u00e7\u00e3o e da comunica\u00e7\u00e3o (R$ 2,1 bilh\u00f5es) e sustentabilidade socioambiental (R$ 2,1 bilh\u00f5es). Segundo Raupp, embora o dinheiro venha do or\u00e7amento deste ano, h\u00e1 iniciativas em execu\u00e7\u00e3o, como o Inova Petro e o Plano de Apoio \u00e0 Inova\u00e7\u00e3o dos Setores Sucroenerg\u00e9ticos e Sucroqu\u00edmicos (Paiss).<\/p>\n<p><strong>Transforma\u00e7\u00e3o<\/strong><\/p>\n<p>Ao comentar o plano, a presidenta Dilma elogiou as condi\u00e7\u00f5es das linhas de financiamento, com \u00eanfase nas modalidades de cr\u00e9dito reembols\u00e1vel: \u201cTemos que garantir taxas de juros mais baixas, per\u00edodos de car\u00eancia maiores, prazo de pagamento maiores e percentual de alavancagem de investimento privado\u201d.<\/p>\n<p>Ela tamb\u00e9m destacou a cria\u00e7\u00e3o da\u00a0<a href=\"http:\/\/www.mct.gov.br\/index.php\/content\/view\/345709\/Presidenta_Dilma_anuncia_modelo_da_Embrapii.html\" target=\"_blank\" rel=\"noopener\">Empresa Brasileira para Pesquisa e Inova\u00e7\u00e3o Industrial (Embrapii)<\/a>, \u201cum dos locais de casamento dos setores p\u00fablico e privado\u201d, e o apoio a ser concedido \u00e0s micro e pequenas empresas. A medida\u00a0<a href=\"http:\/\/www.mct.gov.br\/index.php\/content\/view\/345721\/Presidente_da_CNI_elogia_Plano_Inova_Empresa_e_destaca_Embrapii.html\" target=\"_blank\" rel=\"noopener\">tamb\u00e9m foi elogiada<\/a>\u00a0pelo presidente da Confedera\u00e7\u00e3o Nacional da Ind\u00fastria (CNI), Robson Andrade.<\/p>\n<p>O ministro da Educa\u00e7\u00e3o, Aloizio Mercadante, apontou o programa Ci\u00eancia sem Fronteiras como iniciativa do pa\u00eds em busca de competitividade. \u201cJ\u00e1 enviamos 22 mil estudantes para 35 pa\u00edses\u201d, lembrou. Ele mencionou a Empresa Brasileira de Pesquisa Agropecu\u00e1ria (Embrapa), inspira\u00e7\u00e3o para a Embrapii: \u201cCi\u00eancia, tecnologia e inova\u00e7\u00e3o fizeram a agricultura brasileira ser o que \u00e9\u201d.<\/p>\n<p>De acordo com o ministro da Ind\u00fastria, Desenvolvimento e Com\u00e9rcio Exterior, Fernando Pimentel, a inova\u00e7\u00e3o tecnol\u00f3gica \u00e9 um dos tr\u00eas pilares elencados pelo Brasil Maior, lan\u00e7ado em agosto de 2011. \u201cOs outros s\u00e3o a redu\u00e7\u00e3o dos custos de trabalho e do capital e o adensamento das cadeias produtivas\u201d, detalhou. \u201cA inova\u00e7\u00e3o tecnol\u00f3gica est\u00e1 ligada ao conjunto todo, portanto.\u201d<\/p>\n<p>&nbsp;<\/p>\n<p>Texto: Rodrigo PdGuerra \u2013 Ascom do MCTI (atualizado em 14\/03\/2013)<\/p>\n","protected":false},"excerpt":{"rendered":"<p>O Plano Inova Empresa, lan\u00e7ado nesta quinta-feira (14\/3) pelo governo federal, prev\u00ea investimentos de R$ 32,9 bilh\u00f5es para impulsionar a produtividade e a competitividade da economia brasileira por meio da inova\u00e7\u00e3o tecnol\u00f3gica. Mas, para a presidenta Dilma Rousseff, a grande caracter\u00edstica do projeto \u00e9 integrar em uma mesma matriz todos os recursos destinados a estimular [&hellip;]<\/p>\n","protected":false},"author":4173,"featured_media":1009,"comment_status":"closed","ping_status":"open","sticky":false,"template":"","format":"standard","meta":{"ngg_post_thumbnail":0,"footnotes":""},"categories":[203],"tags":[],"coauthors":[],"class_list":["post-1007","post","type-post","status-publish","format-standard","has-post-thumbnail","hentry","category-noticias-empreendedorismo-inovacao"],"_links":{"self":[{"href":"https:\/\/aginova.ufms.br\/en\/wp-json\/wp\/v2\/posts\/1007","targetHints":{"allow":["GET"]}}],"collection":[{"href":"https:\/\/aginova.ufms.br\/en\/wp-json\/wp\/v2\/posts"}],"about":[{"href":"https:\/\/aginova.ufms.br\/en\/wp-json\/wp\/v2\/types\/post"}],"author":[{"embeddable":true,"href":"https:\/\/aginova.ufms.br\/en\/wp-json\/wp\/v2\/users\/4173"}],"replies":[{"embeddable":true,"href":"https:\/\/aginova.ufms.br\/en\/wp-json\/wp\/v2\/comments?post=1007"}],"version-history":[{"count":6,"href":"https:\/\/aginova.ufms.br\/en\/wp-json\/wp\/v2\/posts\/1007\/revisions"}],"predecessor-version":[{"id":11989,"href":"https:\/\/aginova.ufms.br\/en\/wp-json\/wp\/v2\/posts\/1007\/revisions\/11989"}],"wp:featuredmedia":[{"embeddable":true,"href":"https:\/\/aginova.ufms.br\/en\/wp-json\/wp\/v2\/media\/1009"}],"wp:attachment":[{"href":"https:\/\/aginova.ufms.br\/en\/wp-json\/wp\/v2\/media?parent=1007"}],"wp:term":[{"taxonomy":"category","embeddable":true,"href":"https:\/\/aginova.ufms.br\/en\/wp-json\/wp\/v2\/categories?post=1007"},{"taxonomy":"post_tag","embeddable":true,"href":"https:\/\/aginova.ufms.br\/en\/wp-json\/wp\/v2\/tags?post=1007"},{"taxonomy":"author","embeddable":true,"href":"https:\/\/aginova.ufms.br\/en\/wp-json\/wp\/v2\/coauthors?post=1007"}],"curies":[{"name":"wp","href":"https:\/\/api.w.org\/{rel}","templated":true}]}}