{"id":1015,"date":"2013-04-17T10:08:04","date_gmt":"2013-04-17T14:08:04","guid":{"rendered":"http:\/\/inovacao.bellatrix.ufms.br\/?p=1015"},"modified":"2022-07-22T13:51:31","modified_gmt":"2022-07-22T17:51:31","slug":"premio-finep-de-inovacao-2013","status":"publish","type":"post","link":"https:\/\/aginova.ufms.br\/en\/premio-finep-de-inovacao-2013\/","title":{"rendered":"Pr\u00eamio FINEP de Inova\u00e7\u00e3o 2013"},"content":{"rendered":"<p style=\"text-align: left\">Est\u00e3o abertas as inscri\u00e7\u00f5es para o\u00a0<a href=\"http:\/\/premio.finep.gov.br\/\"><b>Pr\u00eamio FINEP de Inova\u00e7\u00e3o 2013<\/b><\/a>.<\/p>\n<p style=\"text-align: center\"><img fetchpriority=\"high\" decoding=\"async\" class=\"size-full wp-image-1017 aligncenter ml-lightbox-enabled\" alt=\"premio\" src=\"http:\/\/inovacao.bellatrix.ufms.br\/files\/2013\/04\/premio.jpg\" width=\"412\" height=\"260\" \/><\/p>\n<p>O Pr\u00eamio, que acontece desde 1998, \u00e9 reconhecido como o mais importante do pa\u00eds na \u00e1rea de reconhecimento \u00e0 inova\u00e7\u00e3o. Nestes quinze anos j\u00e1 foram mais de 500 premiados, entre empresas, institui\u00e7\u00f5es e pessoas f\u00edsicas, que acabaram ganhando proje\u00e7\u00e3o nacional e mundial.<\/p>\n<p>Este ano, os pr\u00eamios v\u00e3o de R$ 100 mil a R$ 300 mil para a etapa regional e de R$ 100 mil a R$ 500 mil para a etapa nacional. Ser\u00e3o ao todo 8 milh\u00f5es de reais em premia\u00e7\u00e3o distribu\u00eddos entre as diversas categorias (<a href=\"http:\/\/premio.finep.gov.br\/files\/Tabela_Premiacao.pdf\">veja tabela de premia\u00e7\u00e3o<\/a>):<\/p>\n<p><b>&#8211; <span style=\"text-decoration: underline\">Etapa Regional:<\/span><\/b> Micro e Pequena Empresa, M\u00e9dia Empresa, Institui\u00e7\u00e3o de Ci\u00eancia e Tecnologia, Tecnologia Social, Inventor Inovador, Tecnologia Assistiva, Inova\u00e7\u00e3o Sustent\u00e1vel.<\/p>\n<p><b>&#8211; <span style=\"text-decoration: underline\">Etapa Nacional:<\/span><\/b> Micro e Pequena Empresa, M\u00e9dia Empresa, Grande Empresa (apenas na etapa nacional), Institui\u00e7\u00e3o de Ci\u00eancia e Tecnologia, Tecnologia Social, Inventor Inovador, Tecnologia Assistiva, Inova\u00e7\u00e3o Sustent\u00e1vel, Inovar Fundos (tamb\u00e9m restrita \u00e0 etapa nacional e dividida em tr\u00eas subcategorias \u2013 Governan\u00e7a, Equipe e Opera\u00e7\u00e3o).<\/p>\n<p>As <a href=\"https:\/\/sistemas.finep.gov.br\/premio2013-web\/view\/home.finep;jsessionid=4FC597667B2F757149F0F6D13477D580\">inscri\u00e7\u00f5es<\/a> dever\u00e3o ser feitas entre os dias 8 de abril de 2013 e 8 de agosto de 2013, apenas pela internet.<\/p>\n<p>Leia atentamente o <a href=\"http:\/\/premio.finep.gov.br\/index.php\/regulamento\">regulamento<\/a> e confira as condi\u00e7\u00f5es de participa\u00e7\u00e3o.<\/p>\n<p>Para mais informa\u00e7\u00f5es acesse o site <a href=\"http:\/\/premio.finep.gov.br\/\">http:\/\/premio.finep.gov.br\/<\/a> ou entre em contato pelos telefones (21) 2555-0510 \/ (21) 2555-0455.<\/p>\n","protected":false},"excerpt":{"rendered":"<p>Est\u00e3o abertas as inscri\u00e7\u00f5es para o\u00a0Pr\u00eamio FINEP de Inova\u00e7\u00e3o 2013. O Pr\u00eamio, que acontece desde 1998, \u00e9 reconhecido como o mais importante do pa\u00eds na \u00e1rea de reconhecimento \u00e0 inova\u00e7\u00e3o. Nestes quinze anos j\u00e1 foram mais de 500 premiados, entre empresas, institui\u00e7\u00f5es e pessoas f\u00edsicas, que acabaram ganhando proje\u00e7\u00e3o nacional e mundial. Este ano, os [&hellip;]<\/p>\n","protected":false},"author":4173,"featured_media":0,"comment_status":"closed","ping_status":"open","sticky":false,"template":"","format":"standard","meta":{"ngg_post_thumbnail":0,"footnotes":""},"categories":[203],"tags":[6],"coauthors":[],"class_list":["post-1015","post","type-post","status-publish","format-standard","hentry","category-noticias-empreendedorismo-inovacao","tag-inovacao"],"_links":{"self":[{"href":"https:\/\/aginova.ufms.br\/en\/wp-json\/wp\/v2\/posts\/1015","targetHints":{"allow":["GET"]}}],"collection":[{"href":"https:\/\/aginova.ufms.br\/en\/wp-json\/wp\/v2\/posts"}],"about":[{"href":"https:\/\/aginova.ufms.br\/en\/wp-json\/wp\/v2\/types\/post"}],"author":[{"embeddable":true,"href":"https:\/\/aginova.ufms.br\/en\/wp-json\/wp\/v2\/users\/4173"}],"replies":[{"embeddable":true,"href":"https:\/\/aginova.ufms.br\/en\/wp-json\/wp\/v2\/comments?post=1015"}],"version-history":[{"count":19,"href":"https:\/\/aginova.ufms.br\/en\/wp-json\/wp\/v2\/posts\/1015\/revisions"}],"predecessor-version":[{"id":1099,"href":"https:\/\/aginova.ufms.br\/en\/wp-json\/wp\/v2\/posts\/1015\/revisions\/1099"}],"wp:attachment":[{"href":"https:\/\/aginova.ufms.br\/en\/wp-json\/wp\/v2\/media?parent=1015"}],"wp:term":[{"taxonomy":"category","embeddable":true,"href":"https:\/\/aginova.ufms.br\/en\/wp-json\/wp\/v2\/categories?post=1015"},{"taxonomy":"post_tag","embeddable":true,"href":"https:\/\/aginova.ufms.br\/en\/wp-json\/wp\/v2\/tags?post=1015"},{"taxonomy":"author","embeddable":true,"href":"https:\/\/aginova.ufms.br\/en\/wp-json\/wp\/v2\/coauthors?post=1015"}],"curies":[{"name":"wp","href":"https:\/\/api.w.org\/{rel}","templated":true}]}}