{"id":10250,"date":"2021-03-15T15:59:03","date_gmt":"2021-03-15T19:59:03","guid":{"rendered":"https:\/\/aginova.ufms.br\/?p=10250"},"modified":"2025-05-28T15:37:44","modified_gmt":"2025-05-28T19:37:44","slug":"professores-podem-participar-de-capacitacao-em-empreendedorismo-e-inovacao","status":"publish","type":"post","link":"https:\/\/aginova.ufms.br\/en\/professores-podem-participar-de-capacitacao-em-empreendedorismo-e-inovacao\/","title":{"rendered":"(Portugu\u00eas do Brasil) Professores podem participar de capacita\u00e7\u00e3o em Empreendedorismo e Inova\u00e7\u00e3o."},"content":{"rendered":"<p class=\"qtranxs-available-languages-message qtranxs-available-languages-message-en\">Sorry, this entry is only available in <a href=\"https:\/\/aginova.ufms.br\/pb\/wp-json\/wp\/v2\/posts\/10250\" class=\"qtranxs-available-language-link qtranxs-available-language-link-pb\" title=\"Portugu\u00eas do Brasil\">Portugu\u00eas do Brasil<\/a>.<\/p>","protected":false},"excerpt":{"rendered":"<p>Sorry, this entry is only available in Portugu\u00eas do Brasil.<\/p>\n","protected":false},"author":6188,"featured_media":0,"comment_status":"closed","ping_status":"closed","sticky":false,"template":"","format":"standard","meta":{"ngg_post_thumbnail":0,"footnotes":""},"categories":[102,138,203],"tags":[196,194,53,6,195,44],"coauthors":[],"class_list":["post-10250","post","type-post","status-publish","format-standard","hentry","category-noticias","category-noticias-aginova","category-noticias-empreendedorismo-inovacao","tag-aginova","tag-capacitacao","tag-empreendedorismo","tag-inovacao","tag-professores","tag-sebrae"],"_links":{"self":[{"href":"https:\/\/aginova.ufms.br\/en\/wp-json\/wp\/v2\/posts\/10250","targetHints":{"allow":["GET"]}}],"collection":[{"href":"https:\/\/aginova.ufms.br\/en\/wp-json\/wp\/v2\/posts"}],"about":[{"href":"https:\/\/aginova.ufms.br\/en\/wp-json\/wp\/v2\/types\/post"}],"author":[{"embeddable":true,"href":"https:\/\/aginova.ufms.br\/en\/wp-json\/wp\/v2\/users\/6188"}],"replies":[{"embeddable":true,"href":"https:\/\/aginova.ufms.br\/en\/wp-json\/wp\/v2\/comments?post=10250"}],"version-history":[{"count":6,"href":"https:\/\/aginova.ufms.br\/en\/wp-json\/wp\/v2\/posts\/10250\/revisions"}],"predecessor-version":[{"id":10262,"href":"https:\/\/aginova.ufms.br\/en\/wp-json\/wp\/v2\/posts\/10250\/revisions\/10262"}],"wp:attachment":[{"href":"https:\/\/aginova.ufms.br\/en\/wp-json\/wp\/v2\/media?parent=10250"}],"wp:term":[{"taxonomy":"category","embeddable":true,"href":"https:\/\/aginova.ufms.br\/en\/wp-json\/wp\/v2\/categories?post=10250"},{"taxonomy":"post_tag","embeddable":true,"href":"https:\/\/aginova.ufms.br\/en\/wp-json\/wp\/v2\/tags?post=10250"},{"taxonomy":"author","embeddable":true,"href":"https:\/\/aginova.ufms.br\/en\/wp-json\/wp\/v2\/coauthors?post=10250"}],"curies":[{"name":"wp","href":"https:\/\/api.w.org\/{rel}","templated":true}]}}