{"id":10271,"date":"2021-03-23T14:25:53","date_gmt":"2021-03-23T18:25:53","guid":{"rendered":"https:\/\/aginova.ufms.br\/?p=10271"},"modified":"2025-05-28T15:23:42","modified_gmt":"2025-05-28T19:23:42","slug":"estao-abertas-as-candidaturas-para-a-xii-edicao-do-programa-de-fortalecimento-da-funcao-publica-na-america-latina","status":"publish","type":"post","link":"https:\/\/aginova.ufms.br\/en\/estao-abertas-as-candidaturas-para-a-xii-edicao-do-programa-de-fortalecimento-da-funcao-publica-na-america-latina\/","title":{"rendered":"(Portugu\u00eas do Brasil) Est\u00e3o abertas as candidaturas para a XII Edi\u00e7\u00e3o do Programa de Fortalecimento da Fun\u00e7\u00e3o P\u00fablica na Am\u00e9rica Latina"},"content":{"rendered":"<p class=\"qtranxs-available-languages-message qtranxs-available-languages-message-en\">Sorry, this entry is only available in <a href=\"https:\/\/aginova.ufms.br\/pb\/wp-json\/wp\/v2\/posts\/10271\" class=\"qtranxs-available-language-link qtranxs-available-language-link-pb\" title=\"Portugu\u00eas do Brasil\">Portugu\u00eas do Brasil<\/a>.<\/p>","protected":false},"excerpt":{"rendered":"<p>Sorry, this entry is only available in Portugu\u00eas do Brasil.<\/p>\n","protected":false},"author":35789,"featured_media":0,"comment_status":"closed","ping_status":"closed","sticky":false,"template":"","format":"standard","meta":{"ngg_post_thumbnail":0,"footnotes":""},"categories":[84],"tags":[],"coauthors":[],"class_list":["post-10271","post","type-post","status-publish","format-standard","hentry","category-relacoes-internacionais"],"_links":{"self":[{"href":"https:\/\/aginova.ufms.br\/en\/wp-json\/wp\/v2\/posts\/10271","targetHints":{"allow":["GET"]}}],"collection":[{"href":"https:\/\/aginova.ufms.br\/en\/wp-json\/wp\/v2\/posts"}],"about":[{"href":"https:\/\/aginova.ufms.br\/en\/wp-json\/wp\/v2\/types\/post"}],"author":[{"embeddable":true,"href":"https:\/\/aginova.ufms.br\/en\/wp-json\/wp\/v2\/users\/35789"}],"replies":[{"embeddable":true,"href":"https:\/\/aginova.ufms.br\/en\/wp-json\/wp\/v2\/comments?post=10271"}],"version-history":[{"count":4,"href":"https:\/\/aginova.ufms.br\/en\/wp-json\/wp\/v2\/posts\/10271\/revisions"}],"predecessor-version":[{"id":10275,"href":"https:\/\/aginova.ufms.br\/en\/wp-json\/wp\/v2\/posts\/10271\/revisions\/10275"}],"wp:attachment":[{"href":"https:\/\/aginova.ufms.br\/en\/wp-json\/wp\/v2\/media?parent=10271"}],"wp:term":[{"taxonomy":"category","embeddable":true,"href":"https:\/\/aginova.ufms.br\/en\/wp-json\/wp\/v2\/categories?post=10271"},{"taxonomy":"post_tag","embeddable":true,"href":"https:\/\/aginova.ufms.br\/en\/wp-json\/wp\/v2\/tags?post=10271"},{"taxonomy":"author","embeddable":true,"href":"https:\/\/aginova.ufms.br\/en\/wp-json\/wp\/v2\/coauthors?post=10271"}],"curies":[{"name":"wp","href":"https:\/\/api.w.org\/{rel}","templated":true}]}}