{"id":10395,"date":"2021-05-12T15:58:38","date_gmt":"2021-05-12T19:58:38","guid":{"rendered":"https:\/\/aginova.ufms.br\/?p=10395"},"modified":"2025-05-28T15:23:05","modified_gmt":"2025-05-28T19:23:05","slug":"aberta-a-15a-convocatoria-para-o-mestrado-internacional-em-tecnologia-reabilitacao-e-gestao-de-edificios","status":"publish","type":"post","link":"https:\/\/aginova.ufms.br\/en\/aberta-a-15a-convocatoria-para-o-mestrado-internacional-em-tecnologia-reabilitacao-e-gestao-de-edificios\/","title":{"rendered":"(Portugu\u00eas do Brasil) Aberta a 15\u00aa convocat\u00f3ria para o Mestrado Internacional em Tecnologia, Reabilita\u00e7\u00e3o e Gest\u00e3o de Edif\u00edcios."},"content":{"rendered":"<p class=\"qtranxs-available-languages-message qtranxs-available-languages-message-en\">Sorry, this entry is only available in <a href=\"https:\/\/aginova.ufms.br\/pb\/wp-json\/wp\/v2\/posts\/10395\" class=\"qtranxs-available-language-link qtranxs-available-language-link-pb\" title=\"Portugu\u00eas do Brasil\">Portugu\u00eas do Brasil<\/a>.<\/p>","protected":false},"excerpt":{"rendered":"<p>Sorry, this entry is only available in Portugu\u00eas do Brasil.<\/p>\n","protected":false},"author":35789,"featured_media":0,"comment_status":"closed","ping_status":"closed","sticky":false,"template":"","format":"standard","meta":{"ngg_post_thumbnail":0,"footnotes":""},"categories":[84],"tags":[],"coauthors":[],"class_list":["post-10395","post","type-post","status-publish","format-standard","hentry","category-relacoes-internacionais"],"_links":{"self":[{"href":"https:\/\/aginova.ufms.br\/en\/wp-json\/wp\/v2\/posts\/10395","targetHints":{"allow":["GET"]}}],"collection":[{"href":"https:\/\/aginova.ufms.br\/en\/wp-json\/wp\/v2\/posts"}],"about":[{"href":"https:\/\/aginova.ufms.br\/en\/wp-json\/wp\/v2\/types\/post"}],"author":[{"embeddable":true,"href":"https:\/\/aginova.ufms.br\/en\/wp-json\/wp\/v2\/users\/35789"}],"replies":[{"embeddable":true,"href":"https:\/\/aginova.ufms.br\/en\/wp-json\/wp\/v2\/comments?post=10395"}],"version-history":[{"count":5,"href":"https:\/\/aginova.ufms.br\/en\/wp-json\/wp\/v2\/posts\/10395\/revisions"}],"predecessor-version":[{"id":10403,"href":"https:\/\/aginova.ufms.br\/en\/wp-json\/wp\/v2\/posts\/10395\/revisions\/10403"}],"wp:attachment":[{"href":"https:\/\/aginova.ufms.br\/en\/wp-json\/wp\/v2\/media?parent=10395"}],"wp:term":[{"taxonomy":"category","embeddable":true,"href":"https:\/\/aginova.ufms.br\/en\/wp-json\/wp\/v2\/categories?post=10395"},{"taxonomy":"post_tag","embeddable":true,"href":"https:\/\/aginova.ufms.br\/en\/wp-json\/wp\/v2\/tags?post=10395"},{"taxonomy":"author","embeddable":true,"href":"https:\/\/aginova.ufms.br\/en\/wp-json\/wp\/v2\/coauthors?post=10395"}],"curies":[{"name":"wp","href":"https:\/\/api.w.org\/{rel}","templated":true}]}}