{"id":10436,"date":"2021-05-21T16:05:26","date_gmt":"2021-05-21T20:05:26","guid":{"rendered":"https:\/\/aginova.ufms.br\/?p=10436"},"modified":"2025-05-28T15:23:04","modified_gmt":"2025-05-28T19:23:04","slug":"webinar-os-episodios-depressivos-gerados-pela-pandemia-de-covid-19-durante-o-periodo-de-distanciamento-social","status":"publish","type":"post","link":"https:\/\/aginova.ufms.br\/en\/webinar-os-episodios-depressivos-gerados-pela-pandemia-de-covid-19-durante-o-periodo-de-distanciamento-social\/","title":{"rendered":"(Portugu\u00eas do Brasil) Webinar &#8211; Os epis\u00f3dios depressivos gerados pela pandemia de Covid-19 durante o per\u00edodo de distanciamento social"},"content":{"rendered":"<p class=\"qtranxs-available-languages-message qtranxs-available-languages-message-en\">Sorry, this entry is only available in <a href=\"https:\/\/aginova.ufms.br\/pb\/wp-json\/wp\/v2\/posts\/10436\" class=\"qtranxs-available-language-link qtranxs-available-language-link-pb\" title=\"Portugu\u00eas do Brasil\">Portugu\u00eas do Brasil<\/a>.<\/p>","protected":false},"excerpt":{"rendered":"<p>Sorry, this entry is only available in Portugu\u00eas do Brasil.<\/p>\n","protected":false},"author":35789,"featured_media":0,"comment_status":"closed","ping_status":"closed","sticky":false,"template":"","format":"standard","meta":{"ngg_post_thumbnail":0,"footnotes":""},"categories":[84],"tags":[],"coauthors":[],"class_list":["post-10436","post","type-post","status-publish","format-standard","hentry","category-relacoes-internacionais"],"_links":{"self":[{"href":"https:\/\/aginova.ufms.br\/en\/wp-json\/wp\/v2\/posts\/10436","targetHints":{"allow":["GET"]}}],"collection":[{"href":"https:\/\/aginova.ufms.br\/en\/wp-json\/wp\/v2\/posts"}],"about":[{"href":"https:\/\/aginova.ufms.br\/en\/wp-json\/wp\/v2\/types\/post"}],"author":[{"embeddable":true,"href":"https:\/\/aginova.ufms.br\/en\/wp-json\/wp\/v2\/users\/35789"}],"replies":[{"embeddable":true,"href":"https:\/\/aginova.ufms.br\/en\/wp-json\/wp\/v2\/comments?post=10436"}],"version-history":[{"count":2,"href":"https:\/\/aginova.ufms.br\/en\/wp-json\/wp\/v2\/posts\/10436\/revisions"}],"predecessor-version":[{"id":10439,"href":"https:\/\/aginova.ufms.br\/en\/wp-json\/wp\/v2\/posts\/10436\/revisions\/10439"}],"wp:attachment":[{"href":"https:\/\/aginova.ufms.br\/en\/wp-json\/wp\/v2\/media?parent=10436"}],"wp:term":[{"taxonomy":"category","embeddable":true,"href":"https:\/\/aginova.ufms.br\/en\/wp-json\/wp\/v2\/categories?post=10436"},{"taxonomy":"post_tag","embeddable":true,"href":"https:\/\/aginova.ufms.br\/en\/wp-json\/wp\/v2\/tags?post=10436"},{"taxonomy":"author","embeddable":true,"href":"https:\/\/aginova.ufms.br\/en\/wp-json\/wp\/v2\/coauthors?post=10436"}],"curies":[{"name":"wp","href":"https:\/\/api.w.org\/{rel}","templated":true}]}}