{"id":1081,"date":"2013-05-15T10:26:22","date_gmt":"2013-05-15T14:26:22","guid":{"rendered":"http:\/\/inovacao.bellatrix.ufms.br\/?p=1081"},"modified":"2022-07-22T13:51:30","modified_gmt":"2022-07-22T17:51:30","slug":"premio-de-tecnologia-social-2013","status":"publish","type":"post","link":"https:\/\/aginova.ufms.br\/en\/premio-de-tecnologia-social-2013\/","title":{"rendered":"Pr\u00eamio Funda\u00e7\u00e3o Banco do Brasil de Tecnologia Social 2013"},"content":{"rendered":"<p>Est\u00e1 aberto o edital para o <a href=\"http:\/\/www.fbb.org.br\/tecnologiasocial\/regulamento-1\/\">Pr\u00eamio Funda\u00e7\u00e3o Banco do Brasil de Tecnologia Social 2013<\/a>. O pr\u00eamio \u00e9 uma iniciativa da Funda\u00e7\u00e3o Banco do Brasil e tem como objetivo identificar e difundir tecnologias sociais aplicadas que constituam solu\u00e7\u00f5es para quest\u00f5es relacionadas a \u00e1gua, alimenta\u00e7\u00e3o, educa\u00e7\u00e3o, energia, habita\u00e7\u00e3o, meio ambiente, renda e sa\u00fade.<\/p>\n<p>O Pr\u00eamio conta com cinco categorias: <b>a)<\/b>\u00a0Comunidades Tradicionais, Agricultores Familiares e Assentados da Reforma Agr\u00e1ria; <b>b)<\/b> Juventude; <b>c)<\/b> Mulheres; <b>d)<\/b> Gestores P\u00fablicos; <b>e)<\/b> Institui\u00e7\u00f5es de Ensino, pesquisa e universidades. Os valores premiados v\u00e3o de 30 mil a 80 mil reais, conforme a coloca\u00e7\u00e3o.<\/p>\n<p>Segundo o edital, entende-se por tecnologias sociais: \u201cprodutos, t\u00e9cnicas ou metodologias reaplic\u00e1veis, desenvolvidas na intera\u00e7\u00e3o com a comunidade e que representem efetivas solu\u00e7\u00f5es de transforma\u00e7\u00e3o social\u201d.<\/p>\n<p>As<a href=\"http:\/\/www.fbb.org.br\/tecnologiasocial\/inscricoes-1\/\"> inscri\u00e7\u00f5es<\/a>\u00a0podem ser enviadas at\u00e9 o dia 31 de maio atrav\u00e9s do <a href=\"http:\/\/www.fbb.org.br\/tecnologiasocial\/#\">portal<\/a>\u00a0da Funda\u00e7\u00e3o Banco do Brasil.<\/p>\n<p>Para maiores informa\u00e7\u00f5es entre em contato pelo telefone\u00a0(61) 3104-4600 ou acesse o <a href=\"http:\/\/www.fbb.org.br\/tecnologiasocial\/fale-conosco\/\">site<\/a>.<\/p>\n","protected":false},"excerpt":{"rendered":"<p>Est\u00e1 aberto o edital para o Pr\u00eamio Funda\u00e7\u00e3o Banco do Brasil de Tecnologia Social 2013. O pr\u00eamio \u00e9 uma iniciativa da Funda\u00e7\u00e3o Banco do Brasil e tem como objetivo identificar e difundir tecnologias sociais aplicadas que constituam solu\u00e7\u00f5es para quest\u00f5es relacionadas a \u00e1gua, alimenta\u00e7\u00e3o, educa\u00e7\u00e3o, energia, habita\u00e7\u00e3o, meio ambiente, renda e sa\u00fade. O Pr\u00eamio conta [&hellip;]<\/p>\n","protected":false},"author":4173,"featured_media":0,"comment_status":"closed","ping_status":"open","sticky":false,"template":"","format":"standard","meta":{"ngg_post_thumbnail":0,"footnotes":""},"categories":[203],"tags":[],"coauthors":[],"class_list":["post-1081","post","type-post","status-publish","format-standard","hentry","category-noticias-empreendedorismo-inovacao"],"_links":{"self":[{"href":"https:\/\/aginova.ufms.br\/en\/wp-json\/wp\/v2\/posts\/1081","targetHints":{"allow":["GET"]}}],"collection":[{"href":"https:\/\/aginova.ufms.br\/en\/wp-json\/wp\/v2\/posts"}],"about":[{"href":"https:\/\/aginova.ufms.br\/en\/wp-json\/wp\/v2\/types\/post"}],"author":[{"embeddable":true,"href":"https:\/\/aginova.ufms.br\/en\/wp-json\/wp\/v2\/users\/4173"}],"replies":[{"embeddable":true,"href":"https:\/\/aginova.ufms.br\/en\/wp-json\/wp\/v2\/comments?post=1081"}],"version-history":[{"count":4,"href":"https:\/\/aginova.ufms.br\/en\/wp-json\/wp\/v2\/posts\/1081\/revisions"}],"predecessor-version":[{"id":1083,"href":"https:\/\/aginova.ufms.br\/en\/wp-json\/wp\/v2\/posts\/1081\/revisions\/1083"}],"wp:attachment":[{"href":"https:\/\/aginova.ufms.br\/en\/wp-json\/wp\/v2\/media?parent=1081"}],"wp:term":[{"taxonomy":"category","embeddable":true,"href":"https:\/\/aginova.ufms.br\/en\/wp-json\/wp\/v2\/categories?post=1081"},{"taxonomy":"post_tag","embeddable":true,"href":"https:\/\/aginova.ufms.br\/en\/wp-json\/wp\/v2\/tags?post=1081"},{"taxonomy":"author","embeddable":true,"href":"https:\/\/aginova.ufms.br\/en\/wp-json\/wp\/v2\/coauthors?post=1081"}],"curies":[{"name":"wp","href":"https:\/\/api.w.org\/{rel}","templated":true}]}}