{"id":1100,"date":"2013-05-18T08:09:52","date_gmt":"2013-05-18T12:09:52","guid":{"rendered":"http:\/\/inovacao.bellatrix.ufms.br\/?p=1100"},"modified":"2022-07-22T13:51:30","modified_gmt":"2022-07-22T17:51:30","slug":"encontros-de-inovacao-no-ms","status":"publish","type":"post","link":"https:\/\/aginova.ufms.br\/en\/encontros-de-inovacao-no-ms\/","title":{"rendered":"Encontros de Inova\u00e7\u00e3o no MS"},"content":{"rendered":"<p>Representantes da Universidade Federal de Mato Grosso do Sul, da Embrapa Gado de Corte e da Fiocruz Mato Grosso do Sul estiveram reunidos no dia 15 de maio para dar inicio \u00e0 organiza\u00e7\u00e3o de uma s\u00e9rie de encontros que ser\u00e3o promovidos por estas institui\u00e7\u00f5es em 2013 e que ter\u00e3o a inova\u00e7\u00e3o como foco tem\u00e1tico.<\/p>\n<p><img fetchpriority=\"high\" decoding=\"async\" class=\"aligncenter size-medium wp-image-1102 ml-lightbox-enabled\" alt=\"foto\" src=\"http:\/\/inovacao.bellatrix.ufms.br\/files\/2013\/05\/foto-300x225.jpg\" width=\"300\" height=\"225\" srcset=\"https:\/\/aginova.ufms.br\/files\/2013\/05\/foto-300x225.jpg 300w, https:\/\/aginova.ufms.br\/files\/2013\/05\/foto.jpg 588w\" sizes=\"(max-width: 300px) 100vw, 300px\" \/>Os encontros de inova\u00e7\u00e3o ser\u00e3o organizados como eventos nos quais ser\u00e1 poss\u00edvel a identifica\u00e7\u00e3o de oportunidades tecnol\u00f3gicas para a gera\u00e7\u00e3o de projetos inovadores, em um ambiente inter e transdisciplinar, que agregar\u00e1 empresas, institui\u00e7\u00f5es de ci\u00eancia e tecnologia e o governo. Na UFMS, os encontros de inova\u00e7\u00e3o est\u00e3o vinculados ao Doutorado em rede em Biodiversidade e Biotecnologia, cuja miss\u00e3o \u00e9 fortalecer e consolidar a forma\u00e7\u00e3o de recursos humanos e a produ\u00e7\u00e3o de conhecimentos cient\u00edficos e tecnol\u00f3gicos para o desenvolvimento sustent\u00e1vel da regi\u00e3o Centro-Oeste.<\/p>\n<p><strong>Inscri\u00e7\u00f5es<\/strong> &#8211; O primeiro encontro ter\u00e1 como tema a &#8220;Ci\u00eancia, Tecnologia e Inova\u00e7\u00e3o para o Desenvolvimento Regional&#8221; e ser\u00e1 realizado no dia 26 de junho na Escola de Sa\u00fade P\u00fablica. As inscri\u00e7\u00f5es ser\u00e3o gratuitas e os participantes ser\u00e3o representantes de empresas, organiza\u00e7\u00f5es de pesquisa e governamentais, bem como estudantes, professores e pesquisadores. Os encontros de inova\u00e7\u00e3o contam com o apoio da Fundect e do Governo do Estado de Mato Grosso do Sul. Informa\u00e7\u00f5es sobre o evento podem ser obtidas pelo email cre.propp@ufms.br.<\/p>\n","protected":false},"excerpt":{"rendered":"<p>Representantes da Universidade Federal de Mato Grosso do Sul, da Embrapa Gado de Corte e da Fiocruz Mato Grosso do Sul estiveram reunidos no dia 15 de maio para dar inicio \u00e0 organiza\u00e7\u00e3o de uma s\u00e9rie de encontros que ser\u00e3o promovidos por estas institui\u00e7\u00f5es em 2013 e que ter\u00e3o a inova\u00e7\u00e3o como foco tem\u00e1tico. Os [&hellip;]<\/p>\n","protected":false},"author":4173,"featured_media":0,"comment_status":"closed","ping_status":"open","sticky":false,"template":"","format":"standard","meta":{"ngg_post_thumbnail":0,"footnotes":""},"categories":[203],"tags":[],"coauthors":[],"class_list":["post-1100","post","type-post","status-publish","format-standard","hentry","category-noticias-empreendedorismo-inovacao"],"_links":{"self":[{"href":"https:\/\/aginova.ufms.br\/en\/wp-json\/wp\/v2\/posts\/1100","targetHints":{"allow":["GET"]}}],"collection":[{"href":"https:\/\/aginova.ufms.br\/en\/wp-json\/wp\/v2\/posts"}],"about":[{"href":"https:\/\/aginova.ufms.br\/en\/wp-json\/wp\/v2\/types\/post"}],"author":[{"embeddable":true,"href":"https:\/\/aginova.ufms.br\/en\/wp-json\/wp\/v2\/users\/4173"}],"replies":[{"embeddable":true,"href":"https:\/\/aginova.ufms.br\/en\/wp-json\/wp\/v2\/comments?post=1100"}],"version-history":[{"count":4,"href":"https:\/\/aginova.ufms.br\/en\/wp-json\/wp\/v2\/posts\/1100\/revisions"}],"predecessor-version":[{"id":2922,"href":"https:\/\/aginova.ufms.br\/en\/wp-json\/wp\/v2\/posts\/1100\/revisions\/2922"}],"wp:attachment":[{"href":"https:\/\/aginova.ufms.br\/en\/wp-json\/wp\/v2\/media?parent=1100"}],"wp:term":[{"taxonomy":"category","embeddable":true,"href":"https:\/\/aginova.ufms.br\/en\/wp-json\/wp\/v2\/categories?post=1100"},{"taxonomy":"post_tag","embeddable":true,"href":"https:\/\/aginova.ufms.br\/en\/wp-json\/wp\/v2\/tags?post=1100"},{"taxonomy":"author","embeddable":true,"href":"https:\/\/aginova.ufms.br\/en\/wp-json\/wp\/v2\/coauthors?post=1100"}],"curies":[{"name":"wp","href":"https:\/\/api.w.org\/{rel}","templated":true}]}}