{"id":1111,"date":"2013-06-17T10:26:38","date_gmt":"2013-06-17T14:26:38","guid":{"rendered":"http:\/\/inovacao.bellatrix.ufms.br\/?p=1111"},"modified":"2022-07-22T13:51:30","modified_gmt":"2022-07-22T17:51:30","slug":"mec-e-sebrae-lancam-o-pronatec-empreendedor","status":"publish","type":"post","link":"https:\/\/aginova.ufms.br\/en\/mec-e-sebrae-lancam-o-pronatec-empreendedor\/","title":{"rendered":"MEC e Sebrae lan\u00e7am o Pronatec Empreendedor"},"content":{"rendered":"<p>Um acordo cooperativo entre o <a href=\"http:\/\/portal.mec.gov.br\/index.php\">Minist\u00e9rio da Educa\u00e7\u00e3o (MEC)<\/a> e o <a href=\"http:\/\/www.sebrae.com.br\/\">Sebrae<\/a> promover\u00e1 o incentivo ao empreendedorismo e a inova\u00e7\u00e3o no pa\u00eds com o <a href=\"http:\/\/pronatecempreendedor.sebrae.com.br\/customizacoes\/Apresentacao\/_doc\/caderno_apresentacao_pronatec.pdf\">Pronatec Empreendedor<\/a>. A inciativa implantar\u00e1, a partir do pr\u00f3ximo semestre, a disciplina de empreendedorismo nos curr\u00edculos de 15 cursos t\u00e9cnicos, a disciplina ser\u00e1 obrigat\u00f3ria e ter\u00e1 carga hor\u00e1ria de at\u00e9 52 horas.<\/p>\n<p>Com o Pronatec Empreendedor, o Brasil se iguala a 50% dos pa\u00edses europeus que inclu\u00edram a educa\u00e7\u00e3o para o empreendedorismo em suas escolas de base e t\u00e9cnicas. O programa dever\u00e1 incluir cerca de 1,5 milh\u00e3o de estudantes no pa\u00eds, al\u00e9m de capacitar 7 mil professores at\u00e9 2014.<\/p>\n<p>Entre os cursos escolhidos para a implanta\u00e7\u00e3o da programa est\u00e3o t\u00e9cnico em inform\u00e1tica, promotor de vendas e cabeleireiro. O objetivo \u00e9 proporcionar aos alunos uma melhor compreens\u00e3o do mercado de trabalho, bem como identificar os tipos de empreendedorismo e suas caracter\u00edsticas, reconhecendo a import\u00e2ncia de desenvolver atitudes empreendedoras junto ao seu projeto de vida e plano de carreira.<\/p>\n<p>Para mais informa\u00e7\u00f5es acesse o site\u00a0<a href=\"http:\/\/pronatecempreendedor.sebrae.com.br\/\">http:\/\/pronatecempreendedor.sebrae.com.br<\/a>.<\/p>\n","protected":false},"excerpt":{"rendered":"<p>Um acordo cooperativo entre o Minist\u00e9rio da Educa\u00e7\u00e3o (MEC) e o Sebrae promover\u00e1 o incentivo ao empreendedorismo e a inova\u00e7\u00e3o no pa\u00eds com o Pronatec Empreendedor. A inciativa implantar\u00e1, a partir do pr\u00f3ximo semestre, a disciplina de empreendedorismo nos curr\u00edculos de 15 cursos t\u00e9cnicos, a disciplina ser\u00e1 obrigat\u00f3ria e ter\u00e1 carga hor\u00e1ria de at\u00e9 52 [&hellip;]<\/p>\n","protected":false},"author":4173,"featured_media":0,"comment_status":"closed","ping_status":"open","sticky":false,"template":"","format":"standard","meta":{"ngg_post_thumbnail":0,"footnotes":""},"categories":[203],"tags":[],"coauthors":[],"class_list":["post-1111","post","type-post","status-publish","format-standard","hentry","category-noticias-empreendedorismo-inovacao"],"_links":{"self":[{"href":"https:\/\/aginova.ufms.br\/en\/wp-json\/wp\/v2\/posts\/1111","targetHints":{"allow":["GET"]}}],"collection":[{"href":"https:\/\/aginova.ufms.br\/en\/wp-json\/wp\/v2\/posts"}],"about":[{"href":"https:\/\/aginova.ufms.br\/en\/wp-json\/wp\/v2\/types\/post"}],"author":[{"embeddable":true,"href":"https:\/\/aginova.ufms.br\/en\/wp-json\/wp\/v2\/users\/4173"}],"replies":[{"embeddable":true,"href":"https:\/\/aginova.ufms.br\/en\/wp-json\/wp\/v2\/comments?post=1111"}],"version-history":[{"count":4,"href":"https:\/\/aginova.ufms.br\/en\/wp-json\/wp\/v2\/posts\/1111\/revisions"}],"predecessor-version":[{"id":1129,"href":"https:\/\/aginova.ufms.br\/en\/wp-json\/wp\/v2\/posts\/1111\/revisions\/1129"}],"wp:attachment":[{"href":"https:\/\/aginova.ufms.br\/en\/wp-json\/wp\/v2\/media?parent=1111"}],"wp:term":[{"taxonomy":"category","embeddable":true,"href":"https:\/\/aginova.ufms.br\/en\/wp-json\/wp\/v2\/categories?post=1111"},{"taxonomy":"post_tag","embeddable":true,"href":"https:\/\/aginova.ufms.br\/en\/wp-json\/wp\/v2\/tags?post=1111"},{"taxonomy":"author","embeddable":true,"href":"https:\/\/aginova.ufms.br\/en\/wp-json\/wp\/v2\/coauthors?post=1111"}],"curies":[{"name":"wp","href":"https:\/\/api.w.org\/{rel}","templated":true}]}}