{"id":1157,"date":"2013-08-09T15:05:31","date_gmt":"2013-08-09T19:05:31","guid":{"rendered":"http:\/\/inovacao.bellatrix.ufms.br\/?p=1157"},"modified":"2022-07-22T13:51:30","modified_gmt":"2022-07-22T17:51:30","slug":"desafio-brasil-recebe-ideias-inovadoras","status":"publish","type":"post","link":"https:\/\/aginova.ufms.br\/en\/desafio-brasil-recebe-ideias-inovadoras\/","title":{"rendered":"Desafio Brasil recebe ideias inovadoras"},"content":{"rendered":"<p>O Desafio Brasil, promovido pelo\u00a0Centro de Estudos em Private Equity e Venture Capital da Funda\u00e7\u00e3o Getulio Vargas (GVcepe), \u00e9 uma iniciativa voltada \u00e0 educa\u00e7\u00e3o empreendedora, \u00e0 cultura de inova\u00e7\u00e3o e \u00e0 forma\u00e7\u00e3o de redes de colabora\u00e7\u00e3o. O objetivo do programa \u00e9 oferecer a novos empreendedores a oportunidade de aprenderem interagindo entre si, com executivos de grandes corpora\u00e7\u00f5es, investidores, ag\u00eancias p\u00fablicas de fomento e especialistas em geral.<\/p>\n<p>O evento \u00e9 voltado para empreendimentos inovadores de base tecnol\u00f3gica, e trata-se da maior competi\u00e7\u00e3o brasileira do setor.\u00a0A submiss\u00e3o de propostas pode ser feita at\u00e9 o dia 11 de agosto no site <a href=\"http:\/\/www.desafiobr.com.br\">www.desafiobr.com.br<\/a><\/p>\n<p><img decoding=\"async\" class=\"aligncenter size-medium wp-image-1160 ml-lightbox-enabled\" alt=\"DB 2013 - Desafios\" src=\"http:\/\/inovacao.bellatrix.ufms.br\/files\/2013\/08\/DB-2013-Desafios-105x300.jpg\" width=\"105\" height=\"300\" \/><\/p>\n","protected":false},"excerpt":{"rendered":"<p>O Desafio Brasil, promovido pelo\u00a0Centro de Estudos em Private Equity e Venture Capital da Funda\u00e7\u00e3o Getulio Vargas (GVcepe), \u00e9 uma iniciativa voltada \u00e0 educa\u00e7\u00e3o empreendedora, \u00e0 cultura de inova\u00e7\u00e3o e \u00e0 forma\u00e7\u00e3o de redes de colabora\u00e7\u00e3o. O objetivo do programa \u00e9 oferecer a novos empreendedores a oportunidade de aprenderem interagindo entre si, com executivos de [&hellip;]<\/p>\n","protected":false},"author":4173,"featured_media":1165,"comment_status":"closed","ping_status":"open","sticky":false,"template":"","format":"standard","meta":{"ngg_post_thumbnail":0,"footnotes":""},"categories":[203],"tags":[],"coauthors":[],"class_list":["post-1157","post","type-post","status-publish","format-standard","has-post-thumbnail","hentry","category-noticias-empreendedorismo-inovacao"],"_links":{"self":[{"href":"https:\/\/aginova.ufms.br\/en\/wp-json\/wp\/v2\/posts\/1157","targetHints":{"allow":["GET"]}}],"collection":[{"href":"https:\/\/aginova.ufms.br\/en\/wp-json\/wp\/v2\/posts"}],"about":[{"href":"https:\/\/aginova.ufms.br\/en\/wp-json\/wp\/v2\/types\/post"}],"author":[{"embeddable":true,"href":"https:\/\/aginova.ufms.br\/en\/wp-json\/wp\/v2\/users\/4173"}],"replies":[{"embeddable":true,"href":"https:\/\/aginova.ufms.br\/en\/wp-json\/wp\/v2\/comments?post=1157"}],"version-history":[{"count":7,"href":"https:\/\/aginova.ufms.br\/en\/wp-json\/wp\/v2\/posts\/1157\/revisions"}],"predecessor-version":[{"id":1196,"href":"https:\/\/aginova.ufms.br\/en\/wp-json\/wp\/v2\/posts\/1157\/revisions\/1196"}],"wp:featuredmedia":[{"embeddable":true,"href":"https:\/\/aginova.ufms.br\/en\/wp-json\/wp\/v2\/media\/1165"}],"wp:attachment":[{"href":"https:\/\/aginova.ufms.br\/en\/wp-json\/wp\/v2\/media?parent=1157"}],"wp:term":[{"taxonomy":"category","embeddable":true,"href":"https:\/\/aginova.ufms.br\/en\/wp-json\/wp\/v2\/categories?post=1157"},{"taxonomy":"post_tag","embeddable":true,"href":"https:\/\/aginova.ufms.br\/en\/wp-json\/wp\/v2\/tags?post=1157"},{"taxonomy":"author","embeddable":true,"href":"https:\/\/aginova.ufms.br\/en\/wp-json\/wp\/v2\/coauthors?post=1157"}],"curies":[{"name":"wp","href":"https:\/\/api.w.org\/{rel}","templated":true}]}}