{"id":1191,"date":"2013-08-12T10:21:18","date_gmt":"2013-08-12T14:21:18","guid":{"rendered":"http:\/\/inovacao.bellatrix.ufms.br\/?p=1191"},"modified":"2022-07-22T13:51:29","modified_gmt":"2022-07-22T17:51:29","slug":"competitividade-pela-inovacao","status":"publish","type":"post","link":"https:\/\/aginova.ufms.br\/en\/competitividade-pela-inovacao\/","title":{"rendered":"Competitividade pela Inova\u00e7\u00e3o"},"content":{"rendered":"<p>No dia 20 de agosto, \u00e0s 8h30, ser\u00e1 realizado o Encontro de Inova\u00e7\u00e3o com o tema &#8220;Competitividade pela Inova\u00e7\u00e3o&#8221;.\u00a0O encontro \u00e9 promovido pela UFMS, Embrapa Gado de Corte e Fiocruz Mato Grosso do Sul. O Governo do Estado, por meio da Fundect, apoia a realiza\u00e7\u00e3o do evento.<\/p>\n<p>Este encontro ter\u00e1 como objetivo demonstrar aos participantes a rela\u00e7\u00e3o entre o esfor\u00e7o inovador das empresas e os resultados por elas alcan\u00e7ados. Tais resultados podem ser vislumbrados como maior lucratividade, acesso a mercados externos e lideran\u00e7a no setor em que a empresa inovadora est\u00e1 inserida.<\/p>\n<p>Os palestrantes do encontro demonstrar\u00e3o como a inova\u00e7\u00e3o gera competitividade. Lucl\u00e9cio Festa, Diretor da Eco M\u00e1quinas, empresa sul-mato-grossense produtora de\u00a0prensas e equipamentos para fabrica\u00e7\u00e3o de tijolos, blocos e pisos ecol\u00f3gicos, ir\u00e1 apresentar aos participantes como o desenvolvimento de inova\u00e7\u00f5es tecnol\u00f3gicas tem permitido a amplia\u00e7\u00e3o das exporta\u00e7\u00f5es da empresa. Por sua vez, Giovana Ribeiro, Coordenadora do N\u00facleo de Estudos e Conhecimento da Funda\u00e7\u00e3o Nacional da Qualidade (FNQ), apresentar\u00e1 os mais recentes avan\u00e7os das pr\u00e1ticas inovadoras nas empresas que buscam a excel\u00eancia em gest\u00e3o. A sess\u00e3o de perguntas e respostas ser\u00e1 mediada pelo prof Marcelo Turine, Diretor-Presidente da Fundect.<\/p>\n<p>O encontro ocorrer\u00e1 no dia 20 de agosto, das 8h30 \u00e0s 11h, no Audit\u00f3rio da Escola de Sa\u00fade P\u00fablica, localizado na Av. Senador Filinto Muller, 1480. As inscri\u00e7\u00f5es s\u00e3o gratuitas e podem ser feitas clicando\u00a0<a href=\"https:\/\/docs.google.com\/forms\/d\/1xgFRBTSdbQyi7BcIaYLMX4FeOfiR72RVVMhT7uLyUlY\/viewform\">aqui<\/a>, at\u00e9 o dia 19 de agosto. As vagas s\u00e3o limitadas.<\/p>\n<p>&nbsp;<\/p>\n<p><img fetchpriority=\"high\" decoding=\"async\" class=\"aligncenter size-medium wp-image-1198 ml-lightbox-enabled\" alt=\"Mail mkt\" src=\"http:\/\/inovacao.bellatrix.ufms.br\/files\/2013\/08\/Mail-mkt-300x187.jpg\" width=\"300\" height=\"187\" srcset=\"https:\/\/aginova.ufms.br\/files\/2013\/08\/Mail-mkt-300x187.jpg 300w, https:\/\/aginova.ufms.br\/files\/2013\/08\/Mail-mkt-80x50.jpg 80w, https:\/\/aginova.ufms.br\/files\/2013\/08\/Mail-mkt-598x372.jpg 598w, https:\/\/aginova.ufms.br\/files\/2013\/08\/Mail-mkt.jpg 604w\" sizes=\"(max-width: 300px) 100vw, 300px\" \/><\/p>\n<p>&nbsp;<\/p>\n","protected":false},"excerpt":{"rendered":"<p>No dia 20 de agosto, \u00e0s 8h30, ser\u00e1 realizado o Encontro de Inova\u00e7\u00e3o com o tema &#8220;Competitividade pela Inova\u00e7\u00e3o&#8221;.\u00a0O encontro \u00e9 promovido pela UFMS, Embrapa Gado de Corte e Fiocruz Mato Grosso do Sul. O Governo do Estado, por meio da Fundect, apoia a realiza\u00e7\u00e3o do evento. Este encontro ter\u00e1 como objetivo demonstrar aos participantes [&hellip;]<\/p>\n","protected":false},"author":4173,"featured_media":1194,"comment_status":"closed","ping_status":"open","sticky":false,"template":"","format":"standard","meta":{"ngg_post_thumbnail":0,"footnotes":""},"categories":[203],"tags":[],"coauthors":[],"class_list":["post-1191","post","type-post","status-publish","format-standard","has-post-thumbnail","hentry","category-noticias-empreendedorismo-inovacao"],"_links":{"self":[{"href":"https:\/\/aginova.ufms.br\/en\/wp-json\/wp\/v2\/posts\/1191","targetHints":{"allow":["GET"]}}],"collection":[{"href":"https:\/\/aginova.ufms.br\/en\/wp-json\/wp\/v2\/posts"}],"about":[{"href":"https:\/\/aginova.ufms.br\/en\/wp-json\/wp\/v2\/types\/post"}],"author":[{"embeddable":true,"href":"https:\/\/aginova.ufms.br\/en\/wp-json\/wp\/v2\/users\/4173"}],"replies":[{"embeddable":true,"href":"https:\/\/aginova.ufms.br\/en\/wp-json\/wp\/v2\/comments?post=1191"}],"version-history":[{"count":8,"href":"https:\/\/aginova.ufms.br\/en\/wp-json\/wp\/v2\/posts\/1191\/revisions"}],"predecessor-version":[{"id":1873,"href":"https:\/\/aginova.ufms.br\/en\/wp-json\/wp\/v2\/posts\/1191\/revisions\/1873"}],"wp:featuredmedia":[{"embeddable":true,"href":"https:\/\/aginova.ufms.br\/en\/wp-json\/wp\/v2\/media\/1194"}],"wp:attachment":[{"href":"https:\/\/aginova.ufms.br\/en\/wp-json\/wp\/v2\/media?parent=1191"}],"wp:term":[{"taxonomy":"category","embeddable":true,"href":"https:\/\/aginova.ufms.br\/en\/wp-json\/wp\/v2\/categories?post=1191"},{"taxonomy":"post_tag","embeddable":true,"href":"https:\/\/aginova.ufms.br\/en\/wp-json\/wp\/v2\/tags?post=1191"},{"taxonomy":"author","embeddable":true,"href":"https:\/\/aginova.ufms.br\/en\/wp-json\/wp\/v2\/coauthors?post=1191"}],"curies":[{"name":"wp","href":"https:\/\/api.w.org\/{rel}","templated":true}]}}