{"id":1205,"date":"2013-08-29T13:36:47","date_gmt":"2013-08-29T17:36:47","guid":{"rendered":"http:\/\/inovacao.bellatrix.ufms.br\/?p=1205"},"modified":"2022-07-22T13:51:29","modified_gmt":"2022-07-22T17:51:29","slug":"edital-sesi-senai-recebe-propostas-inovadoras","status":"publish","type":"post","link":"https:\/\/aginova.ufms.br\/en\/edital-sesi-senai-recebe-propostas-inovadoras\/","title":{"rendered":"Edital Senai Sesi recebe propostas inovadoras"},"content":{"rendered":"<p>At\u00e9 o dia 30 de setembro, as ind\u00fastrias do pa\u00eds poder\u00e3o se inscrever no Edital SENAI SESI de Inova\u00e7\u00e3o 2013, que prev\u00ea o fomento de projetos de inova\u00e7\u00e3o tecnol\u00f3gica e social.\u00a0Podem participar empresas industriais p\u00fablicas ou privadas de todo o pa\u00eds.<\/p>\n<p>Ser\u00e3o destinados, no total, R$ 30,5 milh\u00f5es. Para projetos desenvolvidos em parceria com o SENAI o valor \u00e9 de R$ 20 milh\u00f5es; para parcerias com o SESI o valor \u00e9 de R$ 7,5 milh\u00f5es e outros R$ 3 milh\u00f5es em bolsas do Conselho Nacional de Desenvolvimento Cient\u00edfico e Tecnol\u00f3gico (CNPq). O aporte de recursos por projeto pode chegar a R$ 300 mil.<\/p>\n<p>O Edital SENAI SESI de Inova\u00e7\u00e3o ap\u00f3ia ideias inovadoras em produtos, processos e tecnologias sociais. Dessa forma, consolida o compromisso do SENAI e do SESI de incentivar a produtividade e a competitividade industrial.<\/p>\n<p>O objetivo do edital \u00e9 apoiar projetos de pesquisa aplicada em empresas do setor industrial, por meio dos Centros de Tecnologia do SENAI e unidades do SESI, com \u00eanfase em inova\u00e7\u00e3o tecnol\u00f3gica e social. Para isso, contam com o apoio das unidades do SENAI e SESI nos estados.<\/p>\n<p>As empresas do setor industrial interessadas no apoio t\u00eam at\u00e9 30 de setembro para inscrever suas ideias. As inscri\u00e7\u00f5es podem ser feitas clicando <a href=\"http:\/\/www.portaldaindustria.com.br\/senai\/iniciativas-senai\/programas\/edital-de-inovacao\/2013\/07\/1,4913\/edital-2013.html\" target=\"_blank\" rel=\"noopener\">aqui<\/a>.<\/p>\n","protected":false},"excerpt":{"rendered":"<p>At\u00e9 o dia 30 de setembro, as ind\u00fastrias do pa\u00eds poder\u00e3o se inscrever no Edital SENAI SESI de Inova\u00e7\u00e3o 2013, que prev\u00ea o fomento de projetos de inova\u00e7\u00e3o tecnol\u00f3gica e social.\u00a0Podem participar empresas industriais p\u00fablicas ou privadas de todo o pa\u00eds. Ser\u00e3o destinados, no total, R$ 30,5 milh\u00f5es. Para projetos desenvolvidos em parceria com o [&hellip;]<\/p>\n","protected":false},"author":4173,"featured_media":0,"comment_status":"closed","ping_status":"open","sticky":false,"template":"","format":"standard","meta":{"ngg_post_thumbnail":0,"footnotes":""},"categories":[203],"tags":[],"coauthors":[],"class_list":["post-1205","post","type-post","status-publish","format-standard","hentry","category-noticias-empreendedorismo-inovacao"],"_links":{"self":[{"href":"https:\/\/aginova.ufms.br\/en\/wp-json\/wp\/v2\/posts\/1205","targetHints":{"allow":["GET"]}}],"collection":[{"href":"https:\/\/aginova.ufms.br\/en\/wp-json\/wp\/v2\/posts"}],"about":[{"href":"https:\/\/aginova.ufms.br\/en\/wp-json\/wp\/v2\/types\/post"}],"author":[{"embeddable":true,"href":"https:\/\/aginova.ufms.br\/en\/wp-json\/wp\/v2\/users\/4173"}],"replies":[{"embeddable":true,"href":"https:\/\/aginova.ufms.br\/en\/wp-json\/wp\/v2\/comments?post=1205"}],"version-history":[{"count":11,"href":"https:\/\/aginova.ufms.br\/en\/wp-json\/wp\/v2\/posts\/1205\/revisions"}],"predecessor-version":[{"id":11988,"href":"https:\/\/aginova.ufms.br\/en\/wp-json\/wp\/v2\/posts\/1205\/revisions\/11988"}],"wp:attachment":[{"href":"https:\/\/aginova.ufms.br\/en\/wp-json\/wp\/v2\/media?parent=1205"}],"wp:term":[{"taxonomy":"category","embeddable":true,"href":"https:\/\/aginova.ufms.br\/en\/wp-json\/wp\/v2\/categories?post=1205"},{"taxonomy":"post_tag","embeddable":true,"href":"https:\/\/aginova.ufms.br\/en\/wp-json\/wp\/v2\/tags?post=1205"},{"taxonomy":"author","embeddable":true,"href":"https:\/\/aginova.ufms.br\/en\/wp-json\/wp\/v2\/coauthors?post=1205"}],"curies":[{"name":"wp","href":"https:\/\/api.w.org\/{rel}","templated":true}]}}