{"id":12622,"date":"2023-03-06T15:37:31","date_gmt":"2023-03-06T19:37:31","guid":{"rendered":"https:\/\/aginova.ufms.br\/?p=12622"},"modified":"2025-05-28T15:16:17","modified_gmt":"2025-05-28T19:16:17","slug":"esta-aberto-o-edital-para-pre-selecao-de-estudantes-da-ufms-interessados-em-mobilidade-academica-internacional","status":"publish","type":"post","link":"https:\/\/aginova.ufms.br\/en\/esta-aberto-o-edital-para-pre-selecao-de-estudantes-da-ufms-interessados-em-mobilidade-academica-internacional\/","title":{"rendered":"(Portugu\u00eas do Brasil) Est\u00e1 aberto o Edital para Pr\u00e9-sele\u00e7\u00e3o de Estudantes da UFMS interessados em Mobilidade Acad\u00eamica Internacional"},"content":{"rendered":"<p class=\"qtranxs-available-languages-message qtranxs-available-languages-message-en\">Sorry, this entry is only available in <a href=\"https:\/\/aginova.ufms.br\/pb\/wp-json\/wp\/v2\/posts\/12622\" class=\"qtranxs-available-language-link qtranxs-available-language-link-pb\" title=\"Portugu\u00eas do Brasil\">Portugu\u00eas do Brasil<\/a>.<\/p>","protected":false},"excerpt":{"rendered":"<p>Sorry, this entry is only available in Portugu\u00eas do Brasil.<\/p>\n","protected":false},"author":4173,"featured_media":0,"comment_status":"closed","ping_status":"closed","sticky":false,"template":"","format":"standard","meta":{"ngg_post_thumbnail":0,"footnotes":""},"categories":[84],"tags":[],"coauthors":[],"class_list":["post-12622","post","type-post","status-publish","format-standard","hentry","category-relacoes-internacionais"],"_links":{"self":[{"href":"https:\/\/aginova.ufms.br\/en\/wp-json\/wp\/v2\/posts\/12622","targetHints":{"allow":["GET"]}}],"collection":[{"href":"https:\/\/aginova.ufms.br\/en\/wp-json\/wp\/v2\/posts"}],"about":[{"href":"https:\/\/aginova.ufms.br\/en\/wp-json\/wp\/v2\/types\/post"}],"author":[{"embeddable":true,"href":"https:\/\/aginova.ufms.br\/en\/wp-json\/wp\/v2\/users\/4173"}],"replies":[{"embeddable":true,"href":"https:\/\/aginova.ufms.br\/en\/wp-json\/wp\/v2\/comments?post=12622"}],"version-history":[{"count":2,"href":"https:\/\/aginova.ufms.br\/en\/wp-json\/wp\/v2\/posts\/12622\/revisions"}],"predecessor-version":[{"id":12626,"href":"https:\/\/aginova.ufms.br\/en\/wp-json\/wp\/v2\/posts\/12622\/revisions\/12626"}],"wp:attachment":[{"href":"https:\/\/aginova.ufms.br\/en\/wp-json\/wp\/v2\/media?parent=12622"}],"wp:term":[{"taxonomy":"category","embeddable":true,"href":"https:\/\/aginova.ufms.br\/en\/wp-json\/wp\/v2\/categories?post=12622"},{"taxonomy":"post_tag","embeddable":true,"href":"https:\/\/aginova.ufms.br\/en\/wp-json\/wp\/v2\/tags?post=12622"},{"taxonomy":"author","embeddable":true,"href":"https:\/\/aginova.ufms.br\/en\/wp-json\/wp\/v2\/coauthors?post=12622"}],"curies":[{"name":"wp","href":"https:\/\/api.w.org\/{rel}","templated":true}]}}