{"id":12693,"date":"2023-04-20T11:18:31","date_gmt":"2023-04-20T15:18:31","guid":{"rendered":"https:\/\/aginova.ufms.br\/?p=12693"},"modified":"2025-05-28T15:16:00","modified_gmt":"2025-05-28T19:16:00","slug":"esta-aberto-o-edital-aginova-prograd-ufms-no-13-19-de-abril-de-2023-para-dupla_diplomacao-u-camerino","status":"publish","type":"post","link":"https:\/\/aginova.ufms.br\/en\/esta-aberto-o-edital-aginova-prograd-ufms-no-13-19-de-abril-de-2023-para-dupla_diplomacao-u-camerino\/","title":{"rendered":"(Portugu\u00eas do Brasil) Est\u00e1 aberto o edital para sele\u00e7\u00e3o de estudantes para dupla-diploma\u00e7\u00e3o entre UFMS e UNICAM (It\u00e1lia)"},"content":{"rendered":"<p class=\"qtranxs-available-languages-message qtranxs-available-languages-message-en\">Sorry, this entry is only available in <a href=\"https:\/\/aginova.ufms.br\/pb\/wp-json\/wp\/v2\/posts\/12693\" class=\"qtranxs-available-language-link qtranxs-available-language-link-pb\" title=\"Portugu\u00eas do Brasil\">Portugu\u00eas do Brasil<\/a>.<\/p>","protected":false},"excerpt":{"rendered":"<p>Sorry, this entry is only available in Portugu\u00eas do Brasil.<\/p>\n","protected":false},"author":4173,"featured_media":0,"comment_status":"closed","ping_status":"closed","sticky":false,"template":"","format":"standard","meta":{"ngg_post_thumbnail":0,"footnotes":""},"categories":[84],"tags":[],"coauthors":[],"class_list":["post-12693","post","type-post","status-publish","format-standard","hentry","category-relacoes-internacionais"],"_links":{"self":[{"href":"https:\/\/aginova.ufms.br\/en\/wp-json\/wp\/v2\/posts\/12693","targetHints":{"allow":["GET"]}}],"collection":[{"href":"https:\/\/aginova.ufms.br\/en\/wp-json\/wp\/v2\/posts"}],"about":[{"href":"https:\/\/aginova.ufms.br\/en\/wp-json\/wp\/v2\/types\/post"}],"author":[{"embeddable":true,"href":"https:\/\/aginova.ufms.br\/en\/wp-json\/wp\/v2\/users\/4173"}],"replies":[{"embeddable":true,"href":"https:\/\/aginova.ufms.br\/en\/wp-json\/wp\/v2\/comments?post=12693"}],"version-history":[{"count":6,"href":"https:\/\/aginova.ufms.br\/en\/wp-json\/wp\/v2\/posts\/12693\/revisions"}],"predecessor-version":[{"id":12701,"href":"https:\/\/aginova.ufms.br\/en\/wp-json\/wp\/v2\/posts\/12693\/revisions\/12701"}],"wp:attachment":[{"href":"https:\/\/aginova.ufms.br\/en\/wp-json\/wp\/v2\/media?parent=12693"}],"wp:term":[{"taxonomy":"category","embeddable":true,"href":"https:\/\/aginova.ufms.br\/en\/wp-json\/wp\/v2\/categories?post=12693"},{"taxonomy":"post_tag","embeddable":true,"href":"https:\/\/aginova.ufms.br\/en\/wp-json\/wp\/v2\/tags?post=12693"},{"taxonomy":"author","embeddable":true,"href":"https:\/\/aginova.ufms.br\/en\/wp-json\/wp\/v2\/coauthors?post=12693"}],"curies":[{"name":"wp","href":"https:\/\/api.w.org\/{rel}","templated":true}]}}