{"id":1270,"date":"2014-03-11T21:39:09","date_gmt":"2014-03-12T01:39:09","guid":{"rendered":"http:\/\/inovacao.bellatrix.ufms.br\/?p=1270"},"modified":"2022-07-22T13:51:29","modified_gmt":"2022-07-22T17:51:29","slug":"inpi-abre-inscricao-para-curso-a-distancia-de-pi","status":"publish","type":"post","link":"https:\/\/aginova.ufms.br\/en\/inpi-abre-inscricao-para-curso-a-distancia-de-pi\/","title":{"rendered":"INPI abre inscri\u00e7\u00e3o para Curso \u00e0 Dist\u00e2ncia de PI"},"content":{"rendered":"<p>O Instituto Nacional da Propriedade Industrial (INPI), em parceria com a Organiza\u00e7\u00e3o Mundial da Propriedade Intelectual (OMPI), oferecer\u00e1 entre os dias 7 de abril e 23 de maio o Curso Geral de Propriedade Intelectual \u00e0 Dist\u00e2ncia (DL 101P BR). O curso, de n\u00edvel b\u00e1sico, \u00e9 gratuito e abrange os aspectos fundamentais de propriedade intelectual, incluindo legisla\u00e7\u00e3o e estudos de casos brasileiros.<\/p>\n<p>O conte\u00fado nacional foi desenvolvido por especialistas brasileiros, que utilizaram a metodologia de ensino \u00e0 dist\u00e2ncia proposta pela OMPI com o objetivo de tornar vi\u00e1vel para o p\u00fablico em geral o aprendizado de temas como: direitos autorais, patentes, marcas, indica\u00e7\u00f5es geogr\u00e1ficas, desenhos industriais, prote\u00e7\u00e3o de novas variedades vegetais\/cultivares, concorr\u00eancia desleal, informa\u00e7\u00e3o tecnol\u00f3gica, contratos de tecnologia e tratados internacionais.<\/p>\n<p>Com carga hor\u00e1ria estimada de 75h\/aula, o DL 101P BR conta com tutoria de especialistas do INPI e do Minist\u00e9rio da Cultura para dar suporte e guiar o aluno durante o processo de constru\u00e7\u00e3o do conhecimento em propriedade intelectual.<\/p>\n<p>As inscri\u00e7\u00f5es para o DL 101P BR &#8211; 1\u00ba Edi\u00e7\u00e3o de 2014 estar\u00e3o abertas at\u00e9 31 de mar\u00e7o. Caso as vagas sejam preenchidas antes do t\u00e9rmino previsto, o INPI e a OMPI se reservam o direito de encerrar as inscri\u00e7\u00f5es. O exame final do curso tamb\u00e9m ser\u00e1 realizado pela internet, nos dias 22 e 23 de maio.<\/p>\n<p>Detalhes sobre a inscri\u00e7\u00e3o podem ser acessados neste <a href=\"http:\/\/www.inpi.gov.br\/images\/docs\/orientacoes_sobre_inscricao_na_plataforma_e_curso-publico_geral_1.doc\">link<\/a>.<\/p>\n<p>Fonte: INPI<\/p>\n","protected":false},"excerpt":{"rendered":"<p>O Instituto Nacional da Propriedade Industrial (INPI), em parceria com a Organiza\u00e7\u00e3o Mundial da Propriedade Intelectual (OMPI), oferecer\u00e1 entre os dias 7 de abril e 23 de maio o Curso Geral de Propriedade Intelectual \u00e0 Dist\u00e2ncia (DL 101P BR). O curso, de n\u00edvel b\u00e1sico, \u00e9 gratuito e abrange os aspectos fundamentais de propriedade intelectual, incluindo [&hellip;]<\/p>\n","protected":false},"author":4173,"featured_media":0,"comment_status":"closed","ping_status":"open","sticky":false,"template":"","format":"standard","meta":{"ngg_post_thumbnail":0,"footnotes":""},"categories":[203],"tags":[],"coauthors":[],"class_list":["post-1270","post","type-post","status-publish","format-standard","hentry","category-noticias-empreendedorismo-inovacao"],"_links":{"self":[{"href":"https:\/\/aginova.ufms.br\/en\/wp-json\/wp\/v2\/posts\/1270","targetHints":{"allow":["GET"]}}],"collection":[{"href":"https:\/\/aginova.ufms.br\/en\/wp-json\/wp\/v2\/posts"}],"about":[{"href":"https:\/\/aginova.ufms.br\/en\/wp-json\/wp\/v2\/types\/post"}],"author":[{"embeddable":true,"href":"https:\/\/aginova.ufms.br\/en\/wp-json\/wp\/v2\/users\/4173"}],"replies":[{"embeddable":true,"href":"https:\/\/aginova.ufms.br\/en\/wp-json\/wp\/v2\/comments?post=1270"}],"version-history":[{"count":4,"href":"https:\/\/aginova.ufms.br\/en\/wp-json\/wp\/v2\/posts\/1270\/revisions"}],"predecessor-version":[{"id":1275,"href":"https:\/\/aginova.ufms.br\/en\/wp-json\/wp\/v2\/posts\/1270\/revisions\/1275"}],"wp:attachment":[{"href":"https:\/\/aginova.ufms.br\/en\/wp-json\/wp\/v2\/media?parent=1270"}],"wp:term":[{"taxonomy":"category","embeddable":true,"href":"https:\/\/aginova.ufms.br\/en\/wp-json\/wp\/v2\/categories?post=1270"},{"taxonomy":"post_tag","embeddable":true,"href":"https:\/\/aginova.ufms.br\/en\/wp-json\/wp\/v2\/tags?post=1270"},{"taxonomy":"author","embeddable":true,"href":"https:\/\/aginova.ufms.br\/en\/wp-json\/wp\/v2\/coauthors?post=1270"}],"curies":[{"name":"wp","href":"https:\/\/api.w.org\/{rel}","templated":true}]}}