{"id":12720,"date":"2023-04-27T10:07:26","date_gmt":"2023-04-27T14:07:26","guid":{"rendered":"https:\/\/aginova.ufms.br\/?p=12720"},"modified":"2025-05-28T15:15:59","modified_gmt":"2025-05-28T19:15:59","slug":"edital-de-divulgacao-das-inscricoes-para-capacitacao-em-lingua-francesa-e-atualizacao-do-cronograma","status":"publish","type":"post","link":"https:\/\/aginova.ufms.br\/en\/edital-de-divulgacao-das-inscricoes-para-capacitacao-em-lingua-francesa-e-atualizacao-do-cronograma\/","title":{"rendered":"(Portugu\u00eas do Brasil) Edital de Divulga\u00e7\u00e3o das inscri\u00e7\u00f5es para capacita\u00e7\u00e3o em l\u00edngua francesa e Atualiza\u00e7\u00e3o do Cronograma"},"content":{"rendered":"<p class=\"qtranxs-available-languages-message qtranxs-available-languages-message-en\">Sorry, this entry is only available in <a href=\"https:\/\/aginova.ufms.br\/pb\/wp-json\/wp\/v2\/posts\/12720\" class=\"qtranxs-available-language-link qtranxs-available-language-link-pb\" title=\"Portugu\u00eas do Brasil\">Portugu\u00eas do Brasil<\/a>.<\/p>","protected":false},"excerpt":{"rendered":"<p>Sorry, this entry is only available in Portugu\u00eas do Brasil.<\/p>\n","protected":false},"author":26803,"featured_media":0,"comment_status":"closed","ping_status":"closed","sticky":false,"template":"","format":"standard","meta":{"ngg_post_thumbnail":0,"footnotes":""},"categories":[84],"tags":[],"coauthors":[],"class_list":["post-12720","post","type-post","status-publish","format-standard","hentry","category-relacoes-internacionais"],"_links":{"self":[{"href":"https:\/\/aginova.ufms.br\/en\/wp-json\/wp\/v2\/posts\/12720","targetHints":{"allow":["GET"]}}],"collection":[{"href":"https:\/\/aginova.ufms.br\/en\/wp-json\/wp\/v2\/posts"}],"about":[{"href":"https:\/\/aginova.ufms.br\/en\/wp-json\/wp\/v2\/types\/post"}],"author":[{"embeddable":true,"href":"https:\/\/aginova.ufms.br\/en\/wp-json\/wp\/v2\/users\/26803"}],"replies":[{"embeddable":true,"href":"https:\/\/aginova.ufms.br\/en\/wp-json\/wp\/v2\/comments?post=12720"}],"version-history":[{"count":2,"href":"https:\/\/aginova.ufms.br\/en\/wp-json\/wp\/v2\/posts\/12720\/revisions"}],"predecessor-version":[{"id":12725,"href":"https:\/\/aginova.ufms.br\/en\/wp-json\/wp\/v2\/posts\/12720\/revisions\/12725"}],"wp:attachment":[{"href":"https:\/\/aginova.ufms.br\/en\/wp-json\/wp\/v2\/media?parent=12720"}],"wp:term":[{"taxonomy":"category","embeddable":true,"href":"https:\/\/aginova.ufms.br\/en\/wp-json\/wp\/v2\/categories?post=12720"},{"taxonomy":"post_tag","embeddable":true,"href":"https:\/\/aginova.ufms.br\/en\/wp-json\/wp\/v2\/tags?post=12720"},{"taxonomy":"author","embeddable":true,"href":"https:\/\/aginova.ufms.br\/en\/wp-json\/wp\/v2\/coauthors?post=12720"}],"curies":[{"name":"wp","href":"https:\/\/api.w.org\/{rel}","templated":true}]}}