{"id":1278,"date":"2014-04-02T11:20:45","date_gmt":"2014-04-02T15:20:45","guid":{"rendered":"http:\/\/inovacao.bellatrix.ufms.br\/?p=1278"},"modified":"2022-07-22T13:51:29","modified_gmt":"2022-07-22T17:51:29","slug":"desafio-fortec-de-inovacao","status":"publish","type":"post","link":"https:\/\/aginova.ufms.br\/en\/desafio-fortec-de-inovacao\/","title":{"rendered":"Desafio Fortec de Inova\u00e7\u00e3o"},"content":{"rendered":"<p>O F\u00f3rum Nacional de Gestores de Inova\u00e7\u00e3o e Transfer\u00eancia de Tecnologia \u2013 FORTEC e o Minist\u00e9rio da Ci\u00eancia, Tecnologia e Inova\u00e7\u00e3o &#8211; MCTI abriram inscri\u00e7\u00f5es para a 1\u00aa Competi\u00e7\u00e3o de Modelo de Neg\u00f3cios, apresentados via tela do Modelo de Neg\u00f3cios CANVAS e seus respectivos PITCHS, entre equipes formadas pelos n\u00facleos de inova\u00e7\u00e3o tecnol\u00f3gica das universidades e institui\u00e7\u00f5es de pesquisa brasileiras que tenham como base a PROPRIEDADE INTELECTUAL gerada por seus pesquisadores que tenham potencial de serem transformadas em NEG\u00d3CIOS e venham a contribuir para o desenvolvimento socioecon\u00f4mico sustent\u00e1vel de nosso Pa\u00eds.<\/p>\n<p>O objetivo central desta competi\u00e7\u00e3o \u00e9 convocar os n\u00facleos de inova\u00e7\u00e3o tecnol\u00f3gica de todas as regi\u00f5es brasileiras a criarem equipes com a poss\u00edvel participa\u00e7\u00e3o de pesquisadores, alunos de gradua\u00e7\u00e3o, p\u00f3s-gradua\u00e7\u00e3o e potenciais parceiros externos \u00e0 sua comunidade, para modelarem suas &#8220;Lean Startup&#8221; &#8211; uma organiza\u00e7\u00e3o tempor\u00e1ria estruturada para desenvolver um Modelo de Neg\u00f3cio que possa ser reproduzido e ampliado, e para que estas venham a ser incubadas ou aceleradas por Aceleradoras de Startups, de modo a que novos produtos, processos ou servi\u00e7os, alcancem o mercado na forma de aquisi\u00e7\u00f5es pelo setor empresarial ou por sua direta execu\u00e7\u00e3o no mercado.<\/p>\n<p>As tr\u00eas \u00a0melhores equipes\u00a0do Centro-Oeste receber\u00e3o pr\u00eamios entre R$ 5 mil e R$ 15 mil, al\u00e9m de terem a oportunidade de apresentarem as suas propostas para investidores durante o processo de avalia\u00e7\u00e3o. A data limite para inscri\u00e7\u00e3o das equipes \u00e9 29 de abril de 2014. Informa\u00e7\u00f5es sobre a competi\u00e7\u00e3o podem ser obtidas no site <a href=\"http:\/\/www.desafiofortecinovacao.com.br\">http:\/\/www.desafiofortecinovacao.com.br<\/a><\/p>\n<p>Para conhecer os pedidos de patentes feitos pelos pesquisadores da UFMS, consulte a Ag\u00eancia de Propriedade Intelectual e Transfer\u00eancia de Tecnologia (APITT), no site <a href=\"http:\/\/apittufms.blogspot.com.br\/p\/tecnologias.html\">http:\/\/apittufms.blogspot.com.br\/p\/tecnologias.html<\/a> ou pelo email <a href=\"mailto:apitt.propp@ufms.br\">apitt.propp@ufms.br<\/a><\/p>\n","protected":false},"excerpt":{"rendered":"<p>O F\u00f3rum Nacional de Gestores de Inova\u00e7\u00e3o e Transfer\u00eancia de Tecnologia \u2013 FORTEC e o Minist\u00e9rio da Ci\u00eancia, Tecnologia e Inova\u00e7\u00e3o &#8211; MCTI abriram inscri\u00e7\u00f5es para a 1\u00aa Competi\u00e7\u00e3o de Modelo de Neg\u00f3cios, apresentados via tela do Modelo de Neg\u00f3cios CANVAS e seus respectivos PITCHS, entre equipes formadas pelos n\u00facleos de inova\u00e7\u00e3o tecnol\u00f3gica das universidades [&hellip;]<\/p>\n","protected":false},"author":4173,"featured_media":0,"comment_status":"closed","ping_status":"open","sticky":false,"template":"","format":"standard","meta":{"ngg_post_thumbnail":0,"footnotes":""},"categories":[203],"tags":[],"coauthors":[],"class_list":["post-1278","post","type-post","status-publish","format-standard","hentry","category-noticias-empreendedorismo-inovacao"],"_links":{"self":[{"href":"https:\/\/aginova.ufms.br\/en\/wp-json\/wp\/v2\/posts\/1278","targetHints":{"allow":["GET"]}}],"collection":[{"href":"https:\/\/aginova.ufms.br\/en\/wp-json\/wp\/v2\/posts"}],"about":[{"href":"https:\/\/aginova.ufms.br\/en\/wp-json\/wp\/v2\/types\/post"}],"author":[{"embeddable":true,"href":"https:\/\/aginova.ufms.br\/en\/wp-json\/wp\/v2\/users\/4173"}],"replies":[{"embeddable":true,"href":"https:\/\/aginova.ufms.br\/en\/wp-json\/wp\/v2\/comments?post=1278"}],"version-history":[{"count":6,"href":"https:\/\/aginova.ufms.br\/en\/wp-json\/wp\/v2\/posts\/1278\/revisions"}],"predecessor-version":[{"id":1871,"href":"https:\/\/aginova.ufms.br\/en\/wp-json\/wp\/v2\/posts\/1278\/revisions\/1871"}],"wp:attachment":[{"href":"https:\/\/aginova.ufms.br\/en\/wp-json\/wp\/v2\/media?parent=1278"}],"wp:term":[{"taxonomy":"category","embeddable":true,"href":"https:\/\/aginova.ufms.br\/en\/wp-json\/wp\/v2\/categories?post=1278"},{"taxonomy":"post_tag","embeddable":true,"href":"https:\/\/aginova.ufms.br\/en\/wp-json\/wp\/v2\/tags?post=1278"},{"taxonomy":"author","embeddable":true,"href":"https:\/\/aginova.ufms.br\/en\/wp-json\/wp\/v2\/coauthors?post=1278"}],"curies":[{"name":"wp","href":"https:\/\/api.w.org\/{rel}","templated":true}]}}