{"id":1288,"date":"2014-04-28T12:11:05","date_gmt":"2014-04-28T16:11:05","guid":{"rendered":"http:\/\/inovacao.bellatrix.ufms.br\/?p=1288"},"modified":"2022-07-22T13:51:29","modified_gmt":"2022-07-22T17:51:29","slug":"abertas-inscricoes-para-agente-local-de-inovacao","status":"publish","type":"post","link":"https:\/\/aginova.ufms.br\/en\/abertas-inscricoes-para-agente-local-de-inovacao\/","title":{"rendered":"Agente Local de Inova\u00e7\u00e3o tem bolsa de R$ 3,6 mil"},"content":{"rendered":"<p>O programa \u201cAgente Local de Inova\u00e7\u00e3o\u201d implementado pelo Servi\u00e7o Brasileiro de Apoio \u00e0s Micro e Pequenas Empresas de Mato Grosso do Sul (SEBRA-MS), Conselho Nacional de Desenvolvimento Cient\u00edfico e Tecnol\u00f3gico (CNPq) em parceria com a Funda\u00e7\u00e3o de Apoio ao Desenvolvimento do Ensino, Ci\u00eancia e Tecnologia de Mato Grosso do Sul (Fundect) est\u00e1 com inscri\u00e7\u00f5es abertas at\u00e9 o dia 08 de maio no portal da Fundect, com 30 vagas distribu\u00eddas em 14 munic\u00edpios do Estado &#8211; sendo 13 vagas para Campo Grande, cinco para Dourados, e uma distribu\u00edda nos munic\u00edpios: Maracaju, Nova Andradina, Ponta Por\u00e3, Rio Brilhante, Tr\u00eas Lagoas, Parana\u00edba, S\u00e3o Gabriel do Oeste, Coxim, Corumb\u00e1, Aquidauana, Bonito e Sidrol\u00e2ndia.<\/p>\n<p>Os candidatos devem ter no m\u00e1ximo tr\u00eas anos de formado em diversas \u00e1reas do conhecimento, n\u00e3o possuir v\u00ednculo empregat\u00edcio, nem receber bolsas de ag\u00eancias de fomento, e escolher, no ato da inscri\u00e7\u00e3o, uma das cidades para atuar \u00a0(Chamada FUNDECT\/SEBRAE\/CNPq n\u207022\/2014).<\/p>\n<p>Ap\u00f3s passar pelo processo seletivo, que inclui provas objetiva e de reda\u00e7\u00e3o, din\u00e2mica de grupo e entrevista, os candidatos aprovados participam por dois meses do Curso de Forma\u00e7\u00e3o-Capacita\u00e7\u00e3o recebendo bolsa no valor de R$ 1.110,00. Ao ser efetivado, o valor da Bolsa Pesquisador passa a ser de R$ 3.600,00 mensais.<\/p>\n<p>Informa\u00e7\u00f5es sobre a chamada podem ser acessadas neste link: <a href=\"http:\/\/fundect.ledes.net\">http:\/\/fundect.ledes.net<\/a><\/p>\n<p><img fetchpriority=\"high\" decoding=\"async\" class=\"aligncenter size-full wp-image-1289 ml-lightbox-enabled\" alt=\"ALI\" src=\"http:\/\/inovacao.bellatrix.ufms.br\/wp-content\/blogs.dir\/20\/files\/2014\/04\/Email-mkt-Ali-2014_Novos-Agentes.jpg\" width=\"600\" height=\"891\" srcset=\"https:\/\/aginova.ufms.br\/files\/2014\/04\/Email-mkt-Ali-2014_Novos-Agentes.jpg 600w, https:\/\/aginova.ufms.br\/files\/2014\/04\/Email-mkt-Ali-2014_Novos-Agentes-202x300.jpg 202w\" sizes=\"(max-width: 600px) 100vw, 600px\" \/><\/p>\n","protected":false},"excerpt":{"rendered":"<p>O programa \u201cAgente Local de Inova\u00e7\u00e3o\u201d implementado pelo Servi\u00e7o Brasileiro de Apoio \u00e0s Micro e Pequenas Empresas de Mato Grosso do Sul (SEBRA-MS), Conselho Nacional de Desenvolvimento Cient\u00edfico e Tecnol\u00f3gico (CNPq) em parceria com a Funda\u00e7\u00e3o de Apoio ao Desenvolvimento do Ensino, Ci\u00eancia e Tecnologia de Mato Grosso do Sul (Fundect) est\u00e1 com inscri\u00e7\u00f5es abertas [&hellip;]<\/p>\n","protected":false},"author":4173,"featured_media":0,"comment_status":"closed","ping_status":"open","sticky":false,"template":"","format":"standard","meta":{"ngg_post_thumbnail":0,"footnotes":""},"categories":[203],"tags":[],"coauthors":[],"class_list":["post-1288","post","type-post","status-publish","format-standard","hentry","category-noticias-empreendedorismo-inovacao"],"_links":{"self":[{"href":"https:\/\/aginova.ufms.br\/en\/wp-json\/wp\/v2\/posts\/1288","targetHints":{"allow":["GET"]}}],"collection":[{"href":"https:\/\/aginova.ufms.br\/en\/wp-json\/wp\/v2\/posts"}],"about":[{"href":"https:\/\/aginova.ufms.br\/en\/wp-json\/wp\/v2\/types\/post"}],"author":[{"embeddable":true,"href":"https:\/\/aginova.ufms.br\/en\/wp-json\/wp\/v2\/users\/4173"}],"replies":[{"embeddable":true,"href":"https:\/\/aginova.ufms.br\/en\/wp-json\/wp\/v2\/comments?post=1288"}],"version-history":[{"count":5,"href":"https:\/\/aginova.ufms.br\/en\/wp-json\/wp\/v2\/posts\/1288\/revisions"}],"predecessor-version":[{"id":1293,"href":"https:\/\/aginova.ufms.br\/en\/wp-json\/wp\/v2\/posts\/1288\/revisions\/1293"}],"wp:attachment":[{"href":"https:\/\/aginova.ufms.br\/en\/wp-json\/wp\/v2\/media?parent=1288"}],"wp:term":[{"taxonomy":"category","embeddable":true,"href":"https:\/\/aginova.ufms.br\/en\/wp-json\/wp\/v2\/categories?post=1288"},{"taxonomy":"post_tag","embeddable":true,"href":"https:\/\/aginova.ufms.br\/en\/wp-json\/wp\/v2\/tags?post=1288"},{"taxonomy":"author","embeddable":true,"href":"https:\/\/aginova.ufms.br\/en\/wp-json\/wp\/v2\/coauthors?post=1288"}],"curies":[{"name":"wp","href":"https:\/\/api.w.org\/{rel}","templated":true}]}}