{"id":1296,"date":"2014-06-16T15:41:56","date_gmt":"2014-06-16T19:41:56","guid":{"rendered":"http:\/\/inovacao.bellatrix.ufms.br\/?p=1296"},"modified":"2022-07-22T13:51:29","modified_gmt":"2022-07-22T17:51:29","slug":"premio-finep-de-inovacao-vai-distribuir-r-8-milhoes-a-empresas-e-inventores","status":"publish","type":"post","link":"https:\/\/aginova.ufms.br\/en\/premio-finep-de-inovacao-vai-distribuir-r-8-milhoes-a-empresas-e-inventores\/","title":{"rendered":"Pr\u00eamio Finep de Inova\u00e7\u00e3o vai distribuir R$ 8 milh\u00f5es a empresas e inventores"},"content":{"rendered":"<p>A Financiadora de Estudos e Projetos (Finep), empresa do Minist\u00e9rio da Ci\u00eancia, Tecnologia e Inova\u00e7\u00e3o, est\u00e1 com as inscri\u00e7\u00f5es abertas para a d\u00e9cima s\u00e9tima edi\u00e7\u00e3o do Pr\u00eamio Finep de Inova\u00e7\u00e3o, que destinar\u00e1 aos vencedores regionais e nacionais nas v\u00e1rias categorias um total de R$ 8 milh\u00f5es em pr\u00eamios.<\/p>\n<p>Segundo disse \u00e0 Ag\u00eancia Brasil o presidente da Finep, Glauco Arbix, a premia\u00e7\u00e3o engloba n\u00e3o s\u00f3 empresas de todos os portes econ\u00f4micos, mas tamb\u00e9m inventores individuais. &#8220;A gente estimula a inova\u00e7\u00e3o, a criatividade, ao mesmo tempo em que consegue identificar os setores que est\u00e3o crescendo e est\u00e3o mais agilmente buscando meios de se tornarem mais competitivos&#8221;, comentou.<\/p>\n<p>As inscri\u00e7\u00f5es para o 17\u00ba Pr\u00eamio Finep de Inova\u00e7\u00e3o continuam abertas at\u00e9 o dia 7 de agosto pr\u00f3ximo. A cerim\u00f4nia de premia\u00e7\u00e3o dever\u00e1 ocorrer no final do ano, no Pal\u00e1cio do Planalto, em Bras\u00edlia. A iniciativa conta com apoio do Instituto Nacional da Propriedade Industrial (Inpi), vinculado ao Minist\u00e9rio do Desenvolvimento, Ind\u00fastria e Com\u00e9rcio Exterior.<\/p>\n<p>Ser\u00e3o contempladas oito categorias no total, sendo seis regionais e nacionais e duas exclusivamente nacionais. Os primeiros colocados regionais, em cada categoria, competem tamb\u00e9m na etapa nacional, informou a assessoria de imprensa da Finep. O regulamento est\u00e1 dispon\u00edvel no endere\u00e7o eletr\u00f4nico http:\/\/premio.finep.gov.br\/index.php\/regulamento.<\/p>\n<p>O Pr\u00eamio Finep \u00e9 considerado o mais importante instrumento de est\u00edmulo e reconhecimento \u00e0 inova\u00e7\u00e3o no Brasil. Desde sua cria\u00e7\u00e3o, em 1998, premiou empresas, institui\u00e7\u00f5es e pessoas f\u00edsicas cujos projetos ganharam proje\u00e7\u00e3o inclusive fora do pa\u00eds. No ano passado, o pr\u00eamio recebeu 570 inscri\u00e7\u00f5es.<\/p>\n<p>As categorias que concorrem ao pr\u00eamio s\u00e3o: micro e pequena empresa, m\u00e9dia empresa, grande empresa (apenas na etapa nacional); institui\u00e7\u00e3o de ci\u00eancia e tecnologia; tecnologia social; inventor inovador; inova\u00e7\u00e3o sustent\u00e1vel; e tecnologia assistiva (restrita tamb\u00e9m \u00e0 etapa nacional).<\/p>\n<p>Para acessar mais informa\u00e7\u00f5es sobre o pr\u00eamio, clique <a href=\"http:\/\/premio.finep.gov.br\/\" target=\"_blank\" rel=\"noopener\">aqui<\/a>.<\/p>\n<p>Fonte: FINEP<\/p>\n","protected":false},"excerpt":{"rendered":"<p>A Financiadora de Estudos e Projetos (Finep), empresa do Minist\u00e9rio da Ci\u00eancia, Tecnologia e Inova\u00e7\u00e3o, est\u00e1 com as inscri\u00e7\u00f5es abertas para a d\u00e9cima s\u00e9tima edi\u00e7\u00e3o do Pr\u00eamio Finep de Inova\u00e7\u00e3o, que destinar\u00e1 aos vencedores regionais e nacionais nas v\u00e1rias categorias um total de R$ 8 milh\u00f5es em pr\u00eamios. Segundo disse \u00e0 Ag\u00eancia Brasil o presidente [&hellip;]<\/p>\n","protected":false},"author":4173,"featured_media":0,"comment_status":"closed","ping_status":"open","sticky":false,"template":"","format":"standard","meta":{"ngg_post_thumbnail":0,"footnotes":""},"categories":[203],"tags":[],"coauthors":[],"class_list":["post-1296","post","type-post","status-publish","format-standard","hentry","category-noticias-empreendedorismo-inovacao"],"_links":{"self":[{"href":"https:\/\/aginova.ufms.br\/en\/wp-json\/wp\/v2\/posts\/1296","targetHints":{"allow":["GET"]}}],"collection":[{"href":"https:\/\/aginova.ufms.br\/en\/wp-json\/wp\/v2\/posts"}],"about":[{"href":"https:\/\/aginova.ufms.br\/en\/wp-json\/wp\/v2\/types\/post"}],"author":[{"embeddable":true,"href":"https:\/\/aginova.ufms.br\/en\/wp-json\/wp\/v2\/users\/4173"}],"replies":[{"embeddable":true,"href":"https:\/\/aginova.ufms.br\/en\/wp-json\/wp\/v2\/comments?post=1296"}],"version-history":[{"count":5,"href":"https:\/\/aginova.ufms.br\/en\/wp-json\/wp\/v2\/posts\/1296\/revisions"}],"predecessor-version":[{"id":11987,"href":"https:\/\/aginova.ufms.br\/en\/wp-json\/wp\/v2\/posts\/1296\/revisions\/11987"}],"wp:attachment":[{"href":"https:\/\/aginova.ufms.br\/en\/wp-json\/wp\/v2\/media?parent=1296"}],"wp:term":[{"taxonomy":"category","embeddable":true,"href":"https:\/\/aginova.ufms.br\/en\/wp-json\/wp\/v2\/categories?post=1296"},{"taxonomy":"post_tag","embeddable":true,"href":"https:\/\/aginova.ufms.br\/en\/wp-json\/wp\/v2\/tags?post=1296"},{"taxonomy":"author","embeddable":true,"href":"https:\/\/aginova.ufms.br\/en\/wp-json\/wp\/v2\/coauthors?post=1296"}],"curies":[{"name":"wp","href":"https:\/\/api.w.org\/{rel}","templated":true}]}}