{"id":1307,"date":"2014-08-27T01:58:04","date_gmt":"2014-08-27T05:58:04","guid":{"rendered":"http:\/\/inovacao.bellatrix.ufms.br\/?p=1307"},"modified":"2022-07-22T13:51:28","modified_gmt":"2022-07-22T17:51:28","slug":"semana-nacional-de-ciencia-e-tecnologia-acontece-no-mes-de-outubro","status":"publish","type":"post","link":"https:\/\/aginova.ufms.br\/en\/semana-nacional-de-ciencia-e-tecnologia-acontece-no-mes-de-outubro\/","title":{"rendered":"Semana Nacional de Ci\u00eancia e Tecnologia acontece no m\u00eas de outubro"},"content":{"rendered":"<p style=\"color: #3f3f3f\">O Minist\u00e9rio da Ci\u00eancia, Tecnologia e Inova\u00e7\u00e3o (MCTI), por meio da Secretaria de Ci\u00eancia e Tecnologia para Inclus\u00e3o Social (Secis), colocou no ar o portal da 11\u00aa Semana Nacional de Ci\u00eancia e Tecnologia (SNCT 2014). A edi\u00e7\u00e3o deste ano ser\u00e1 entre os dias 13 e 19 de outubro, com a abordagem do tema \u201cCi\u00eancia e tecnologia para o desenvolvimento social\u201d.<\/p>\n<p style=\"color: #3f3f3f\">A edi\u00e7\u00e3o de 2014 traz como novidade a mudan\u00e7a no formato de registro das atividades pelos pr\u00f3prios organizadores, que ser\u00e1 dividido em duas etapas: uma para os grandes eventos, em agosto, e outra para a\u00e7\u00f5es individuais, que devem ser informadas provavelmente a partir de setembro.<\/p>\n<p style=\"color: #3f3f3f\">No navegar no site, na aba \u201cCi\u00eancia no Brasil\u201d, \u00e9 poss\u00edvel conhecer um pouco sobre os cientistas brasileiros e iniciativas como o Projeto VerCi\u00eancia, que promove e incentiva a dissemina\u00e7\u00e3o da cultura cient\u00edfica pela televis\u00e3o, pela internet e por outros meios e tecnologias audiovisuais.<\/p>\n<p style=\"color: #3f3f3f\">A proposta \u00e9 estimular as institui\u00e7\u00f5es a abordarem a ci\u00eancia e a tecnologia na dimens\u00e3o social, como instrumento de inclus\u00e3o, transforma\u00e7\u00e3o social e desenvolvimento humano. \u201cUm tema que promete mobilizar a participa\u00e7\u00e3o de diversas \u00e1reas sociais e ampliar ainda mais a semana nacional neste ano\u201d, prev\u00ea o diretor de Populariza\u00e7\u00e3o e Difus\u00e3o de Ci\u00eancia e Tecnologia da Secis, Douglas Falc\u00e3o.<\/p>\n<p style=\"color: #3f3f3f\">Outras informa\u00e7\u00f5es sobre a semana podem ser acessadas clicando <a href=\"http:\/\/semanact.mcti.gov.br\/web\/snct2014\/inicio\" target=\"_blank\" rel=\"noopener\">aqui<\/a>.<\/p>\n<p style=\"color: #3f3f3f\"><em>Fonte: Ag\u00eancia Gest\u00e3o CT&amp;I, com informa\u00e7\u00f5es do MCTI.<\/em><\/p>\n","protected":false},"excerpt":{"rendered":"<p>O Minist\u00e9rio da Ci\u00eancia, Tecnologia e Inova\u00e7\u00e3o (MCTI), por meio da Secretaria de Ci\u00eancia e Tecnologia para Inclus\u00e3o Social (Secis), colocou no ar o portal da 11\u00aa Semana Nacional de Ci\u00eancia e Tecnologia (SNCT 2014). A edi\u00e7\u00e3o deste ano ser\u00e1 entre os dias 13 e 19 de outubro, com a abordagem do tema \u201cCi\u00eancia e [&hellip;]<\/p>\n","protected":false},"author":4173,"featured_media":1308,"comment_status":"closed","ping_status":"open","sticky":false,"template":"","format":"standard","meta":{"ngg_post_thumbnail":0,"footnotes":""},"categories":[203],"tags":[],"coauthors":[],"class_list":["post-1307","post","type-post","status-publish","format-standard","has-post-thumbnail","hentry","category-noticias-empreendedorismo-inovacao"],"_links":{"self":[{"href":"https:\/\/aginova.ufms.br\/en\/wp-json\/wp\/v2\/posts\/1307","targetHints":{"allow":["GET"]}}],"collection":[{"href":"https:\/\/aginova.ufms.br\/en\/wp-json\/wp\/v2\/posts"}],"about":[{"href":"https:\/\/aginova.ufms.br\/en\/wp-json\/wp\/v2\/types\/post"}],"author":[{"embeddable":true,"href":"https:\/\/aginova.ufms.br\/en\/wp-json\/wp\/v2\/users\/4173"}],"replies":[{"embeddable":true,"href":"https:\/\/aginova.ufms.br\/en\/wp-json\/wp\/v2\/comments?post=1307"}],"version-history":[{"count":3,"href":"https:\/\/aginova.ufms.br\/en\/wp-json\/wp\/v2\/posts\/1307\/revisions"}],"predecessor-version":[{"id":11985,"href":"https:\/\/aginova.ufms.br\/en\/wp-json\/wp\/v2\/posts\/1307\/revisions\/11985"}],"wp:featuredmedia":[{"embeddable":true,"href":"https:\/\/aginova.ufms.br\/en\/wp-json\/wp\/v2\/media\/1308"}],"wp:attachment":[{"href":"https:\/\/aginova.ufms.br\/en\/wp-json\/wp\/v2\/media?parent=1307"}],"wp:term":[{"taxonomy":"category","embeddable":true,"href":"https:\/\/aginova.ufms.br\/en\/wp-json\/wp\/v2\/categories?post=1307"},{"taxonomy":"post_tag","embeddable":true,"href":"https:\/\/aginova.ufms.br\/en\/wp-json\/wp\/v2\/tags?post=1307"},{"taxonomy":"author","embeddable":true,"href":"https:\/\/aginova.ufms.br\/en\/wp-json\/wp\/v2\/coauthors?post=1307"}],"curies":[{"name":"wp","href":"https:\/\/api.w.org\/{rel}","templated":true}]}}