{"id":1351,"date":"2014-11-25T22:14:49","date_gmt":"2014-11-26T02:14:49","guid":{"rendered":"http:\/\/inovacao.bellatrix.ufms.br\/?p=1351"},"modified":"2022-07-22T13:51:28","modified_gmt":"2022-07-22T17:51:28","slug":"inscricoes-para-o-encontro-de-inovacao","status":"publish","type":"post","link":"https:\/\/aginova.ufms.br\/en\/inscricoes-para-o-encontro-de-inovacao\/","title":{"rendered":"Encontro de Inova\u00e7\u00e3o &#8211; 28 nov 2014"},"content":{"rendered":"<p>O <strong>Encontro de Inova\u00e7\u00e3o<\/strong> tem como objetivo estimular di\u00e1logos\u00a0que permitam a identifica\u00e7\u00e3o de oportunidades tecnol\u00f3gicas para a gera\u00e7\u00e3o de projetos inovadores, em um ambiente inter e transdisciplinar, formado por\u00a0empresas, institui\u00e7\u00f5es de ci\u00eancia e tecnologia (ICTs) e governo.<\/p>\n<p>O tema deste encontro foi\u00a0&#8220;<strong>Inova\u00e7\u00f5es Integrando o Campo e a Cidade<\/strong>&#8220;.\u00a0Os casos de sucesso que apresentados demonstraram o potencial de gera\u00e7\u00e3o de neg\u00f3cios a partir das tecnologias voltadas para as voca\u00e7\u00f5es regionais (<a href=\"https:\/\/www.embrapa.br\/busca-de-noticias\/-\/noticia\/2184283\/nova-versao-do-aplicativo-suplementa-certo-ja-esta-disponivel\" target=\"_blank\" rel=\"noopener\">Caso Suplementa Certo<\/a>), e ainda, como projetos globais de\u00a0produtos inovadores tem sido desenvolvidos com a participa\u00e7\u00e3o de institui\u00e7\u00f5es e pesquisadores de\u00a0Mato Grosso do Sul (<a href=\"http:\/\/www.portugues.rfi.fr\/brasil\/20141105-primeiro-resultado-exitoso-em-60-anos-diz-brasileiro-que-testou-vacina-contra-dengue\" target=\"_blank\" rel=\"noopener\">Caso da Vacina contra a Dengue<\/a>).<\/p>\n<p>O evento teve in\u00edcio \u00e0s\u00a08h30\u00a0no dia 28 de novembro de 2014, no Audit\u00f3rio do Sebrae, \u00e0 Av. Mato Grosso, 1661. A agenda do encontro foi\u00a0a seguinte:<\/p>\n<p>8h30 &#8211;<strong> Caso Suplementa Certo\u00a0<\/strong>(a apresenta\u00e7\u00e3o pode ser acessada neste <a href=\"http:\/\/pt.slideshare.net\/inoveufms\/suplementa-certo\" target=\"_blank\" rel=\"noopener\">link<\/a>)<\/p>\n<ul>\n<li>S\u00e9rgio Raposo de Medeiros (Pesquisador em Nutri\u00e7\u00e3o Animal, Embrapa Gado de Corte)<\/li>\n<li>Igor Augusto Santana Ortiz (S\u00f3cio-fundador da Cia do C\u00f3digo)<\/li>\n<\/ul>\n<p>9h30 &#8211; <strong>Caso Vacina contra a Dengue<\/strong><\/p>\n<ul>\n<li>Anamaria Mello Miranda Paniago (Pesquisadora vinculada aos programas de P\u00f3s-Gradua\u00e7\u00e3o em &#8220;Doen\u00e7as Infecciosas e Parasit\u00e1rias&#8221; e &#8220;Sa\u00fade e Desenvolvimento da Regi\u00e3o Centro-Oeste&#8221; da UFMS)<\/li>\n<\/ul>\n<p>10h20 &#8211;\u00a0<strong>Di\u00e1logo com\u00a0os Participantes<\/strong><\/p>\n<p>14h00 &#8211; \u00a0<strong>Workshop<\/strong><\/p>\n<p>Ap\u00f3s estas atividades, foi conduzido um workshop com os participantes. O encerramento do evento aconteceu com a palestra do\u00a0prof. <strong>Luiz Carlos Di Serio<\/strong>, Coordenador-Adjunto do <a href=\"http:\/\/www.inovforum.org.br\/\" target=\"_blank\" rel=\"noopener\">F\u00f3rum de Inova\u00e7\u00e3o da FGV-EAESP<\/a>, que tratou da rela\u00e7\u00e3o entre inova\u00e7\u00e3o e competitividade. A apresenta\u00e7\u00e3o pode ser acessada clicando <a href=\"http:\/\/pt.slideshare.net\/inoveufms\/fi-fgv\" target=\"_blank\" rel=\"noopener\">aqui<\/a>.<\/p>\n<p>&nbsp;<\/p>\n\n\t\t<style type=\"text\/css\">\n\t\t\t#gallery-1 {\n\t\t\t\tmargin: auto;\n\t\t\t}\n\t\t\t#gallery-1 .gallery-item {\n\t\t\t\tfloat: left;\n\t\t\t\tmargin-top: 10px;\n\t\t\t\ttext-align: center;\n\t\t\t\twidth: 33%;\n\t\t\t}\n\t\t\t#gallery-1 img {\n\t\t\t\tborder: 2px solid #cfcfcf;\n\t\t\t}\n\t\t\t#gallery-1 .gallery-caption {\n\t\t\t\tmargin-left: 0;\n\t\t\t}\n\t\t\t\/* see gallery_shortcode() in wp-includes\/media.php *\/\n\t\t<\/style>\n\t\t<div id='gallery-1' class='gallery galleryid-1351 gallery-columns-3 gallery-size-thumbnail'><dl class='gallery-item'>\n\t\t\t<dt class='gallery-icon landscape'>\n\t\t\t\t<a href='https:\/\/aginova.ufms.br\/en\/inscricoes-para-o-encontro-de-inovacao\/anamaria_fiocruz\/'><img decoding=\"async\" width=\"150\" height=\"150\" src=\"https:\/\/aginova.ufms.br\/files\/2014\/11\/anamaria_fiocruz-150x150.jpg\" class=\"attachment-thumbnail size-thumbnail\" alt=\"\" aria-describedby=\"gallery-1-1369\" \/><\/a>\n\t\t\t<\/dt>\n\t\t\t\t<dd class='wp-caption-text gallery-caption' id='gallery-1-1369'>\n\t\t\t\tAnamaria Paniago, apresenta\u00e7\u00e3o da vacina contra a dengue.\n\t\t\t\t<\/dd><\/dl><dl class='gallery-item'>\n\t\t\t<dt class='gallery-icon landscape'>\n\t\t\t\t<a href='https:\/\/aginova.ufms.br\/en\/inscricoes-para-o-encontro-de-inovacao\/anamaria_fiocruz2\/'><img decoding=\"async\" width=\"150\" height=\"150\" src=\"https:\/\/aginova.ufms.br\/files\/2014\/11\/anamaria_fiocruz2-150x150.jpg\" class=\"attachment-thumbnail size-thumbnail\" alt=\"\" aria-describedby=\"gallery-1-1370\" \/><\/a>\n\t\t\t<\/dt>\n\t\t\t\t<dd class='wp-caption-text gallery-caption' id='gallery-1-1370'>\n\t\t\t\tAnamaria Paniago, apresenta\u00e7\u00e3o da vacina contra a dengue.\n\t\t\t\t<\/dd><\/dl><dl class='gallery-item'>\n\t\t\t<dt class='gallery-icon landscape'>\n\t\t\t\t<a href='https:\/\/aginova.ufms.br\/en\/inscricoes-para-o-encontro-de-inovacao\/empresa_igorortiz\/'><img decoding=\"async\" width=\"150\" height=\"150\" src=\"https:\/\/aginova.ufms.br\/files\/2014\/11\/empresa_igorOrtiz-150x150.jpg\" class=\"attachment-thumbnail size-thumbnail\" alt=\"\" aria-describedby=\"gallery-1-1371\" \/><\/a>\n\t\t\t<\/dt>\n\t\t\t\t<dd class='wp-caption-text gallery-caption' id='gallery-1-1371'>\n\t\t\t\tIgor Ortiz, da Companhia do C\u00f3digo.\n\t\t\t\t<\/dd><\/dl><br style=\"clear: both\" \/><dl class='gallery-item'>\n\t\t\t<dt class='gallery-icon portrait'>\n\t\t\t\t<a href='https:\/\/aginova.ufms.br\/en\/inscricoes-para-o-encontro-de-inovacao\/pesquisador_embrapa\/'><img loading=\"lazy\" decoding=\"async\" width=\"150\" height=\"150\" src=\"https:\/\/aginova.ufms.br\/files\/2014\/11\/pesquisador_embrapa-150x150.jpg\" class=\"attachment-thumbnail size-thumbnail\" alt=\"\" aria-describedby=\"gallery-1-1372\" \/><\/a>\n\t\t\t<\/dt>\n\t\t\t\t<dd class='wp-caption-text gallery-caption' id='gallery-1-1372'>\n\t\t\t\tS\u00e9rgio Medeiros, da Embrapa, apresenta o caso Suplementa Certo.\n\t\t\t\t<\/dd><\/dl><dl class='gallery-item'>\n\t\t\t<dt class='gallery-icon landscape'>\n\t\t\t\t<a href='https:\/\/aginova.ufms.br\/en\/inscricoes-para-o-encontro-de-inovacao\/prof_luizserio_fgv\/'><img loading=\"lazy\" decoding=\"async\" width=\"150\" height=\"150\" src=\"https:\/\/aginova.ufms.br\/files\/2014\/11\/prof_luizserio_fgv-150x150.jpg\" class=\"attachment-thumbnail size-thumbnail\" alt=\"\" aria-describedby=\"gallery-1-1373\" \/><\/a>\n\t\t\t<\/dt>\n\t\t\t\t<dd class='wp-caption-text gallery-caption' id='gallery-1-1373'>\n\t\t\t\tLuiz Di Serio discute inova\u00e7\u00e3o e competitividade.\n\t\t\t\t<\/dd><\/dl><dl class='gallery-item'>\n\t\t\t<dt class='gallery-icon landscape'>\n\t\t\t\t<a href='https:\/\/aginova.ufms.br\/en\/inscricoes-para-o-encontro-de-inovacao\/profluiz_serio_fgv3\/'><img loading=\"lazy\" decoding=\"async\" width=\"150\" height=\"150\" src=\"https:\/\/aginova.ufms.br\/files\/2014\/11\/profluiz_serio_fgv3-150x150.jpg\" class=\"attachment-thumbnail size-thumbnail\" alt=\"\" aria-describedby=\"gallery-1-1374\" \/><\/a>\n\t\t\t<\/dt>\n\t\t\t\t<dd class='wp-caption-text gallery-caption' id='gallery-1-1374'>\n\t\t\t\tLuiz Di Serio discute inova\u00e7\u00e3o e competitividade.\n\t\t\t\t<\/dd><\/dl><br style=\"clear: both\" \/>\n\t\t<\/div>\n\n<p>&nbsp;<\/p>\n","protected":false},"excerpt":{"rendered":"<p>O Encontro de Inova\u00e7\u00e3o tem como objetivo estimular di\u00e1logos\u00a0que permitam a identifica\u00e7\u00e3o de oportunidades tecnol\u00f3gicas para a gera\u00e7\u00e3o de projetos inovadores, em um ambiente inter e transdisciplinar, formado por\u00a0empresas, institui\u00e7\u00f5es de ci\u00eancia e tecnologia (ICTs) e governo. O tema deste encontro foi\u00a0&#8220;Inova\u00e7\u00f5es Integrando o Campo e a Cidade&#8220;.\u00a0Os casos de sucesso que apresentados demonstraram o [&hellip;]<\/p>\n","protected":false},"author":4173,"featured_media":0,"comment_status":"closed","ping_status":"open","sticky":false,"template":"","format":"standard","meta":{"ngg_post_thumbnail":0,"footnotes":""},"categories":[203],"tags":[48,43,49,21],"coauthors":[],"class_list":["post-1351","post","type-post","status-publish","format-standard","hentry","category-noticias-empreendedorismo-inovacao","tag-desenvolvimento-tecnologico","tag-ecossistema-de-inovacao","tag-spin-off","tag-startup"],"_links":{"self":[{"href":"https:\/\/aginova.ufms.br\/en\/wp-json\/wp\/v2\/posts\/1351","targetHints":{"allow":["GET"]}}],"collection":[{"href":"https:\/\/aginova.ufms.br\/en\/wp-json\/wp\/v2\/posts"}],"about":[{"href":"https:\/\/aginova.ufms.br\/en\/wp-json\/wp\/v2\/types\/post"}],"author":[{"embeddable":true,"href":"https:\/\/aginova.ufms.br\/en\/wp-json\/wp\/v2\/users\/4173"}],"replies":[{"embeddable":true,"href":"https:\/\/aginova.ufms.br\/en\/wp-json\/wp\/v2\/comments?post=1351"}],"version-history":[{"count":15,"href":"https:\/\/aginova.ufms.br\/en\/wp-json\/wp\/v2\/posts\/1351\/revisions"}],"predecessor-version":[{"id":11981,"href":"https:\/\/aginova.ufms.br\/en\/wp-json\/wp\/v2\/posts\/1351\/revisions\/11981"}],"wp:attachment":[{"href":"https:\/\/aginova.ufms.br\/en\/wp-json\/wp\/v2\/media?parent=1351"}],"wp:term":[{"taxonomy":"category","embeddable":true,"href":"https:\/\/aginova.ufms.br\/en\/wp-json\/wp\/v2\/categories?post=1351"},{"taxonomy":"post_tag","embeddable":true,"href":"https:\/\/aginova.ufms.br\/en\/wp-json\/wp\/v2\/tags?post=1351"},{"taxonomy":"author","embeddable":true,"href":"https:\/\/aginova.ufms.br\/en\/wp-json\/wp\/v2\/coauthors?post=1351"}],"curies":[{"name":"wp","href":"https:\/\/api.w.org\/{rel}","templated":true}]}}