{"id":1378,"date":"2014-12-11T05:26:04","date_gmt":"2014-12-11T09:26:04","guid":{"rendered":"http:\/\/inovacao.bellatrix.ufms.br\/?p=1378"},"modified":"2022-07-22T13:51:27","modified_gmt":"2022-07-22T17:51:27","slug":"encontro-de-inovacao-22-ago-2014","status":"publish","type":"post","link":"https:\/\/aginova.ufms.br\/en\/encontro-de-inovacao-22-ago-2014\/","title":{"rendered":"Encontro de Inova\u00e7\u00e3o &#8211; 22 ago 2014"},"content":{"rendered":"<p>Os Encontros de Inova\u00e7\u00e3o\u00a0tem como objetivo contribuir com o sistema sul-mato-grossense de inova\u00e7\u00e3o, a partir da cria\u00e7\u00e3o de um ambiente favor\u00e1vel \u00e0 cria\u00e7\u00e3o de esfor\u00e7os de pesquisa, desenvolvimento e inova\u00e7\u00e3o entre os participantes. No ano de 2014, o foco dos encontros ser\u00e1 &#8220;solu\u00e7\u00e3o inovadoras para cidades e regi\u00f5es&#8221;, tendo como temas dos encontros as <a href=\"http:\/\/inovacao.bellatrix.ufms.br\/?page_id=1339\" target=\"_blank\" rel=\"noopener\">cidades inteligentes e sustent\u00e1veis<\/a> e <a href=\"http:\/\/inovacao.bellatrix.ufms.br\/?p=1351\" target=\"_blank\" rel=\"noopener\">inova\u00e7\u00f5es integrando o campo e a cidade<\/a>.<\/p>\n<p>O primeiro encontro aconteceu na Esta\u00e7\u00e3o Inova\u00e7\u00e3o da <a href=\"http:\/\/www.feiradoempreendedorms.com.br\/\" target=\"_blank\" rel=\"noopener\">Feira do Empreendedor<\/a>. Promovida pelo Sebrae\/MS, a feira\u00a0contou com\u00a0uma programa\u00e7\u00e3o especial e gratuita, voltada para a difus\u00e3o da cultura empreendedora no Mato Grosso do Sul. Reunindo\u00a0os setores de agroneg\u00f3cio, ind\u00fastria, com\u00e9rcio e servi\u00e7os, a feira se tornou um ambiente\u00a0estimulante para compartilhar\u00a0conhecimentos e dividir experi\u00eancias.<\/p>\n<p>Do encontro de alinhamento, participaram representantes\u00a0da\u00a0Superintend\u00eancia de Ci\u00eancia e Tecnologia do Mato Grosso do Sul (SUCITEC), Universidade Federal de Mato Grosso do Sul (UFMS), Instituto Federal de Mato Grosso do Sul (IFMS), Embrapa Gado de Corte,\u00a0Fiocruz\/MS e Rede Inova\u00e7\u00e3o\/MS.<\/p>\n\n\t\t<style type=\"text\/css\">\n\t\t\t#gallery-1 {\n\t\t\t\tmargin: auto;\n\t\t\t}\n\t\t\t#gallery-1 .gallery-item {\n\t\t\t\tfloat: left;\n\t\t\t\tmargin-top: 10px;\n\t\t\t\ttext-align: center;\n\t\t\t\twidth: 33%;\n\t\t\t}\n\t\t\t#gallery-1 img {\n\t\t\t\tborder: 2px solid #cfcfcf;\n\t\t\t}\n\t\t\t#gallery-1 .gallery-caption {\n\t\t\t\tmargin-left: 0;\n\t\t\t}\n\t\t\t\/* see gallery_shortcode() in wp-includes\/media.php *\/\n\t\t<\/style>\n\t\t<div id='gallery-1' class='gallery galleryid-1378 gallery-columns-3 gallery-size-thumbnail'><dl class='gallery-item'>\n\t\t\t<dt class='gallery-icon landscape'>\n\t\t\t\t<a href='https:\/\/aginova.ufms.br\/en\/encontro-de-inovacao-22-ago-2014\/trata_foto\/'><img decoding=\"async\" width=\"150\" height=\"150\" src=\"https:\/\/aginova.ufms.br\/files\/2014\/12\/trata_foto-150x150.jpg\" class=\"attachment-thumbnail size-thumbnail\" alt=\"\" aria-describedby=\"gallery-1-1382\" \/><\/a>\n\t\t\t<\/dt>\n\t\t\t\t<dd class='wp-caption-text gallery-caption' id='gallery-1-1382'>\n\t\t\t\tFeira do Empreendedor\n\t\t\t\t<\/dd><\/dl><dl class='gallery-item'>\n\t\t\t<dt class='gallery-icon landscape'>\n\t\t\t\t<a href='https:\/\/aginova.ufms.br\/en\/encontro-de-inovacao-22-ago-2014\/feira-sebrae-empreendedorismo\/'><img decoding=\"async\" width=\"150\" height=\"150\" src=\"https:\/\/aginova.ufms.br\/files\/2014\/12\/Feira-Sebrae-Empreendedorismo-150x150.jpg\" class=\"attachment-thumbnail size-thumbnail\" alt=\"\" aria-describedby=\"gallery-1-1380\" \/><\/a>\n\t\t\t<\/dt>\n\t\t\t\t<dd class='wp-caption-text gallery-caption' id='gallery-1-1380'>\n\t\t\t\tFeira do Empreendedor\n\t\t\t\t<\/dd><\/dl><dl class='gallery-item'>\n\t\t\t<dt class='gallery-icon landscape'>\n\t\t\t\t<a href='https:\/\/aginova.ufms.br\/en\/encontro-de-inovacao-22-ago-2014\/img_3398-2\/'><img decoding=\"async\" width=\"150\" height=\"150\" src=\"https:\/\/aginova.ufms.br\/files\/2014\/12\/IMG_33981-150x150.jpg\" class=\"attachment-thumbnail size-thumbnail\" alt=\"\" aria-describedby=\"gallery-1-1381\" \/><\/a>\n\t\t\t<\/dt>\n\t\t\t\t<dd class='wp-caption-text gallery-caption' id='gallery-1-1381'>\n\t\t\t\tEsta\u00e7\u00e3o Inova\u00e7\u00e3o\n\t\t\t\t<\/dd><\/dl><br style=\"clear: both\" \/>\n\t\t<\/div>\n\n","protected":false},"excerpt":{"rendered":"<p>Os Encontros de Inova\u00e7\u00e3o\u00a0tem como objetivo contribuir com o sistema sul-mato-grossense de inova\u00e7\u00e3o, a partir da cria\u00e7\u00e3o de um ambiente favor\u00e1vel \u00e0 cria\u00e7\u00e3o de esfor\u00e7os de pesquisa, desenvolvimento e inova\u00e7\u00e3o entre os participantes. No ano de 2014, o foco dos encontros ser\u00e1 &#8220;solu\u00e7\u00e3o inovadoras para cidades e regi\u00f5es&#8221;, tendo como temas dos encontros as cidades [&hellip;]<\/p>\n","protected":false},"author":4173,"featured_media":0,"comment_status":"closed","ping_status":"open","sticky":false,"template":"","format":"standard","meta":{"ngg_post_thumbnail":0,"footnotes":""},"categories":[203],"tags":[],"coauthors":[],"class_list":["post-1378","post","type-post","status-publish","format-standard","hentry","category-noticias-empreendedorismo-inovacao"],"_links":{"self":[{"href":"https:\/\/aginova.ufms.br\/en\/wp-json\/wp\/v2\/posts\/1378","targetHints":{"allow":["GET"]}}],"collection":[{"href":"https:\/\/aginova.ufms.br\/en\/wp-json\/wp\/v2\/posts"}],"about":[{"href":"https:\/\/aginova.ufms.br\/en\/wp-json\/wp\/v2\/types\/post"}],"author":[{"embeddable":true,"href":"https:\/\/aginova.ufms.br\/en\/wp-json\/wp\/v2\/users\/4173"}],"replies":[{"embeddable":true,"href":"https:\/\/aginova.ufms.br\/en\/wp-json\/wp\/v2\/comments?post=1378"}],"version-history":[{"count":2,"href":"https:\/\/aginova.ufms.br\/en\/wp-json\/wp\/v2\/posts\/1378\/revisions"}],"predecessor-version":[{"id":11980,"href":"https:\/\/aginova.ufms.br\/en\/wp-json\/wp\/v2\/posts\/1378\/revisions\/11980"}],"wp:attachment":[{"href":"https:\/\/aginova.ufms.br\/en\/wp-json\/wp\/v2\/media?parent=1378"}],"wp:term":[{"taxonomy":"category","embeddable":true,"href":"https:\/\/aginova.ufms.br\/en\/wp-json\/wp\/v2\/categories?post=1378"},{"taxonomy":"post_tag","embeddable":true,"href":"https:\/\/aginova.ufms.br\/en\/wp-json\/wp\/v2\/tags?post=1378"},{"taxonomy":"author","embeddable":true,"href":"https:\/\/aginova.ufms.br\/en\/wp-json\/wp\/v2\/coauthors?post=1378"}],"curies":[{"name":"wp","href":"https:\/\/api.w.org\/{rel}","templated":true}]}}