{"id":1388,"date":"2015-01-26T22:41:12","date_gmt":"2015-01-27T02:41:12","guid":{"rendered":"http:\/\/inovacao.bellatrix.ufms.br\/?p=1388"},"modified":"2022-07-22T13:51:27","modified_gmt":"2022-07-22T17:51:27","slug":"uab-abre-chamada-para-projetos-de-inovacao","status":"publish","type":"post","link":"https:\/\/aginova.ufms.br\/en\/uab-abre-chamada-para-projetos-de-inovacao\/","title":{"rendered":"UAB abre chamada para projetos de inova\u00e7\u00e3o"},"content":{"rendered":"<p>&nbsp;<\/p>\n<p>Institui\u00e7\u00f5es de ensino superior\u00a0(IES) integrantes do Sistema Universidade Aberta do Brasil (UAB) j\u00e1 podem apresentar propostas\u00a0para fomento a projetos de inova\u00e7\u00e3o.\u00a0As propostas devem ser apresentadas at\u00e9 23 de fevereiro. <a class=\"external-link\" title=\"\" href=\"http:\/\/www.capes.gov.br\/images\/stories\/download\/editais\/2612015-03-2015-Ino-UAB.pdf\" target=\"_self\" rel=\"noopener\">Confira o edital na \u00edntegra.<\/a><\/p>\n<p>Os projetos inscritos dever\u00e3o atender a uma ou mais linhas de financiamento estabelecidas no\u00a0edital: Inova\u00e7\u00e3o Pedag\u00f3gica, Inova\u00e7\u00e3o Tecnol\u00f3gica e Inova\u00e7\u00e3o da Gest\u00e3o Educacional.\u00a0Objetivo \u00e9 contribuir para o desenvolvimento tecnol\u00f3gico da educa\u00e7\u00e3o no Pa\u00eds.<\/p>\n<p><strong>Requisitos<\/strong><\/p>\n<p>Ser\u00e1 aceita apenas uma proposta por IES, que poder\u00e1 conter at\u00e9 quatro projetos. O gerenciamento da proposta institucional ser\u00e1 de responsabilidade do coordenador UAB ou do coordenador UAB adjunto.<\/p>\n<p>As propostas devem observar as condi\u00e7\u00f5es espec\u00edficas estabelecidas no edital com rela\u00e7\u00e3o \u00e0 institui\u00e7\u00e3o proponente, cronograma, recursos financeiros, itens financi\u00e1veis, prazos de execu\u00e7\u00e3o dos projetos, crit\u00e9rios de admissibilidade, par\u00e2metros de an\u00e1lise e avalia\u00e7\u00e3o dos projetos e demais informa\u00e7\u00f5es.<\/p>\n<p><strong>Saiba mais<\/strong><\/p>\n<p>Criada em 2005, a Universidade Aberta do Brasil (<a href=\"http:\/\/uab.capes.gov.br\/\" target=\"_blank\" rel=\"noopener\">UAB<\/a>) \u00e9 um sistema integrado por universidades p\u00fablicas que oferece cursos de n\u00edvel superior para camadas da popula\u00e7\u00e3o que t\u00eam dificuldade de acesso \u00e0 forma\u00e7\u00e3o universit\u00e1ria, por meio do uso da metodologia da educa\u00e7\u00e3o a dist\u00e2ncia.<\/p>\n<p>O p\u00fablico em geral \u00e9 atendido, mas os professores que atuam na educa\u00e7\u00e3o b\u00e1sica t\u00eam prioridade de forma\u00e7\u00e3o, seguidos dos dirigentes, gestores e trabalhadores em educa\u00e7\u00e3o b\u00e1sica dos estados, munic\u00edpios e do Distrito Federal. Hoje, o Sistema \u00e9 coordenado pela Diretoria de Educa\u00e7\u00e3o a Dist\u00e2ncia (DED) da Capes.<\/p>\n<p>Pelo sistema UAB s\u00e3o ofertados os seis mestrados no formato semipresencial do Pa\u00eds:\u00a0Programa de Mestrado Profissional em Matem\u00e1tica em Rede Nacional (<a href=\"http:\/\/capes.gov.br\/educacao-a-distancia\/profmat\" target=\"_blank\" rel=\"noopener\">Profmat<\/a>), criado em 2010;\u00a0o Programa de Mestrado Profissional em Letras (<a href=\"http:\/\/capes.gov.br\/educacao-a-distancia\/profletras\" target=\"_blank\" rel=\"noopener\">Profletras<\/a>) e o Programa de Mestrado Nacional Profissional em Ensino de F\u00edsica \u2013 MNPEF (<a href=\"http:\/\/capes.gov.br\/educacao-a-distancia\/profis\" target=\"_blank\" rel=\"noopener\">ProFis<\/a>), lan\u00e7ados em 2013; e os Programas de Mestrado Profissional em Rede Nacional em Artes (<a href=\"http:\/\/capes.gov.br\/educacao-a-distancia\/profartes\" target=\"_blank\" rel=\"noopener\">ProfArtes<\/a>), Administra\u00e7\u00e3o P\u00fablica (<a href=\"http:\/\/capes.gov.br\/educacao-a-distancia\/profiap\" target=\"_blank\" rel=\"noopener\">ProfiAP<\/a>) e Ensino de Hist\u00f3ria (<a href=\"http:\/\/capes.gov.br\/educacao-a-distancia\/profhistoria\" target=\"_blank\" rel=\"noopener\">ProfHist\u00f3ria<\/a>).<\/p>\n<p>&nbsp;<\/p>\n<p>Fonte: Funda\u00e7\u00e3o Capes.<\/p>\n","protected":false},"excerpt":{"rendered":"<p>&nbsp; Institui\u00e7\u00f5es de ensino superior\u00a0(IES) integrantes do Sistema Universidade Aberta do Brasil (UAB) j\u00e1 podem apresentar propostas\u00a0para fomento a projetos de inova\u00e7\u00e3o.\u00a0As propostas devem ser apresentadas at\u00e9 23 de fevereiro. Confira o edital na \u00edntegra. Os projetos inscritos dever\u00e3o atender a uma ou mais linhas de financiamento estabelecidas no\u00a0edital: Inova\u00e7\u00e3o Pedag\u00f3gica, Inova\u00e7\u00e3o Tecnol\u00f3gica e Inova\u00e7\u00e3o [&hellip;]<\/p>\n","protected":false},"author":4173,"featured_media":1389,"comment_status":"closed","ping_status":"open","sticky":false,"template":"","format":"standard","meta":{"ngg_post_thumbnail":0,"footnotes":""},"categories":[203],"tags":[50,6,51],"coauthors":[],"class_list":["post-1388","post","type-post","status-publish","format-standard","has-post-thumbnail","hentry","category-noticias-empreendedorismo-inovacao","tag-financiamento","tag-inovacao","tag-tecnologia-da-informacao-e-comunicacao-tic"],"_links":{"self":[{"href":"https:\/\/aginova.ufms.br\/en\/wp-json\/wp\/v2\/posts\/1388","targetHints":{"allow":["GET"]}}],"collection":[{"href":"https:\/\/aginova.ufms.br\/en\/wp-json\/wp\/v2\/posts"}],"about":[{"href":"https:\/\/aginova.ufms.br\/en\/wp-json\/wp\/v2\/types\/post"}],"author":[{"embeddable":true,"href":"https:\/\/aginova.ufms.br\/en\/wp-json\/wp\/v2\/users\/4173"}],"replies":[{"embeddable":true,"href":"https:\/\/aginova.ufms.br\/en\/wp-json\/wp\/v2\/comments?post=1388"}],"version-history":[{"count":3,"href":"https:\/\/aginova.ufms.br\/en\/wp-json\/wp\/v2\/posts\/1388\/revisions"}],"predecessor-version":[{"id":11978,"href":"https:\/\/aginova.ufms.br\/en\/wp-json\/wp\/v2\/posts\/1388\/revisions\/11978"}],"wp:featuredmedia":[{"embeddable":true,"href":"https:\/\/aginova.ufms.br\/en\/wp-json\/wp\/v2\/media\/1389"}],"wp:attachment":[{"href":"https:\/\/aginova.ufms.br\/en\/wp-json\/wp\/v2\/media?parent=1388"}],"wp:term":[{"taxonomy":"category","embeddable":true,"href":"https:\/\/aginova.ufms.br\/en\/wp-json\/wp\/v2\/categories?post=1388"},{"taxonomy":"post_tag","embeddable":true,"href":"https:\/\/aginova.ufms.br\/en\/wp-json\/wp\/v2\/tags?post=1388"},{"taxonomy":"author","embeddable":true,"href":"https:\/\/aginova.ufms.br\/en\/wp-json\/wp\/v2\/coauthors?post=1388"}],"curies":[{"name":"wp","href":"https:\/\/api.w.org\/{rel}","templated":true}]}}