{"id":1397,"date":"2015-02-25T08:35:28","date_gmt":"2015-02-25T12:35:28","guid":{"rendered":"http:\/\/inovacao.bellatrix.ufms.br\/?p=1397"},"modified":"2022-07-22T13:51:27","modified_gmt":"2022-07-22T17:51:27","slug":"selecao-de-bolsistas-para-o-projeto-educacao-empreendedora-na-ufms","status":"publish","type":"post","link":"https:\/\/aginova.ufms.br\/en\/selecao-de-bolsistas-para-o-projeto-educacao-empreendedora-na-ufms\/","title":{"rendered":"Sele\u00e7\u00e3o de bolsistas para o projeto Educa\u00e7\u00e3o empreendedora na UFMS"},"content":{"rendered":"<p>Divulgado hoje o resultado da FASE I do processo seletivo de\u00a0bolsistas de gradua\u00e7\u00e3o para desenvolver atividades de pesquisa do projeto &#8220;Educa\u00e7\u00e3o empreendedora na UFMS&#8221;. O projeto \u00e9 resultado da aprova\u00e7\u00e3o em EDITAL DE CHAMADA P\u00daBLICA SEBRAE UCE N\u00ba001\/2013 Educa\u00e7\u00e3o Empreendedora nas Institui\u00e7\u00f5es de Ensino Superior.<\/p>\n<p>O bolsistas selecionados ir\u00e3o desenvolver pesquisa na \u00e1rea de Educa\u00e7\u00e3o Empreendedora e Inova\u00e7\u00e3o, a ser desenvolvida no \u201cEspa\u00e7o empreendedor\u201d, no Complexo Multiuso, campus de Campo Grande.<\/p>\n<p>Os selecionados e\u00a0convocados para a FASE II devem comparecer no dia 28 de fevereiro de 2015, \u00e0s 8h, no Audit\u00f3rio do Complexo Multiuso Dercir Pedro de Oliveira.<\/p>\n<p><a href=\"http:\/\/inovacao.bellatrix.ufms.br\/files\/2015\/02\/Inscri\u00e7\u00f5es-deferidas-e-indeferidas.pdf\">Inscri\u00e7\u00f5es deferidas e indeferidas<\/a><\/p>\n<p>Todas as informa\u00e7\u00f5es a respeito do processo de sele\u00e7\u00e3o p\u00fablica encontra-se dispon\u00edvel no <a href=\"http:\/\/www.propp.ufms.br\/index.php?section=edital&amp;itemId=472\">http:\/\/www.propp.ufms.br\/index.php?section=edital&amp;itemId=472<\/a>.<\/p>\n","protected":false},"excerpt":{"rendered":"<p>Divulgado hoje o resultado da FASE I do processo seletivo de\u00a0bolsistas de gradua\u00e7\u00e3o para desenvolver atividades de pesquisa do projeto &#8220;Educa\u00e7\u00e3o empreendedora na UFMS&#8221;. O projeto \u00e9 resultado da aprova\u00e7\u00e3o em EDITAL DE CHAMADA P\u00daBLICA SEBRAE UCE N\u00ba001\/2013 Educa\u00e7\u00e3o Empreendedora nas Institui\u00e7\u00f5es de Ensino Superior. O bolsistas selecionados ir\u00e3o desenvolver pesquisa na \u00e1rea de Educa\u00e7\u00e3o [&hellip;]<\/p>\n","protected":false},"author":4173,"featured_media":0,"comment_status":"closed","ping_status":"open","sticky":false,"template":"","format":"standard","meta":{"ngg_post_thumbnail":0,"footnotes":""},"categories":[203],"tags":[],"coauthors":[],"class_list":["post-1397","post","type-post","status-publish","format-standard","hentry","category-noticias-empreendedorismo-inovacao"],"_links":{"self":[{"href":"https:\/\/aginova.ufms.br\/en\/wp-json\/wp\/v2\/posts\/1397","targetHints":{"allow":["GET"]}}],"collection":[{"href":"https:\/\/aginova.ufms.br\/en\/wp-json\/wp\/v2\/posts"}],"about":[{"href":"https:\/\/aginova.ufms.br\/en\/wp-json\/wp\/v2\/types\/post"}],"author":[{"embeddable":true,"href":"https:\/\/aginova.ufms.br\/en\/wp-json\/wp\/v2\/users\/4173"}],"replies":[{"embeddable":true,"href":"https:\/\/aginova.ufms.br\/en\/wp-json\/wp\/v2\/comments?post=1397"}],"version-history":[{"count":3,"href":"https:\/\/aginova.ufms.br\/en\/wp-json\/wp\/v2\/posts\/1397\/revisions"}],"predecessor-version":[{"id":1405,"href":"https:\/\/aginova.ufms.br\/en\/wp-json\/wp\/v2\/posts\/1397\/revisions\/1405"}],"wp:attachment":[{"href":"https:\/\/aginova.ufms.br\/en\/wp-json\/wp\/v2\/media?parent=1397"}],"wp:term":[{"taxonomy":"category","embeddable":true,"href":"https:\/\/aginova.ufms.br\/en\/wp-json\/wp\/v2\/categories?post=1397"},{"taxonomy":"post_tag","embeddable":true,"href":"https:\/\/aginova.ufms.br\/en\/wp-json\/wp\/v2\/tags?post=1397"},{"taxonomy":"author","embeddable":true,"href":"https:\/\/aginova.ufms.br\/en\/wp-json\/wp\/v2\/coauthors?post=1397"}],"curies":[{"name":"wp","href":"https:\/\/api.w.org\/{rel}","templated":true}]}}