{"id":1420,"date":"2015-03-17T21:37:35","date_gmt":"2015-03-18T01:37:35","guid":{"rendered":"http:\/\/inovacao.bellatrix.ufms.br\/?p=1420"},"modified":"2022-07-22T13:51:26","modified_gmt":"2022-07-22T17:51:26","slug":"abertas-inscricoes-para-projetos-de-pesquisa-no-ambito-do-programa-inovacao-para-o-desenvolvimento-sustentavel-programa-nopa","status":"publish","type":"post","link":"https:\/\/aginova.ufms.br\/en\/abertas-inscricoes-para-projetos-de-pesquisa-no-ambito-do-programa-inovacao-para-o-desenvolvimento-sustentavel-programa-nopa\/","title":{"rendered":"Abertas inscri\u00e7\u00f5es para projetos de pesquisa no \u00e2mbito do Programa Inova\u00e7\u00e3o para o Desenvolvimento Sustent\u00e1vel (Programa NoPa)"},"content":{"rendered":"<p>Est\u00e3o abertas as inscri\u00e7\u00f5es para submiss\u00e3o de projetos de pesquisa binacionais \u2013 envolvendo o Brasil e a Alemanha \u2013 no \u00e2mbito do Programa Inova\u00e7\u00e3o para o Desenvolvimento Sustent\u00e1vel &#8211; Novas Parcerias (<a href=\"http:\/\/www.capes.gov.br\/cooperacao-internacional\/alemanha\/nopa\">NoPa<\/a>). Ser\u00e3o dois focos tem\u00e1ticos: &#8220;Energias Renov\u00e1veis e Efici\u00eancia Energ\u00e9tica&#8221; e &#8220;Prote\u00e7\u00e3o e Uso Sustent\u00e1vel das Florestas Tropicais&#8221;.<\/p>\n<p>Para dar in\u00edcio aos trabalhos relativos a esta sele\u00e7\u00e3o, acontece, de 16 a 20 de mar\u00e7o,\u00a0<a href=\"http:\/\/www.nopa-brasil.net\/en\/index.html\">evento para\u00a0<\/a><em><a href=\"http:\/\/www.nopa-brasil.net\/en\/index.html\">matchmaking<\/a><\/em>,\u00a0ou seja, uma plataforma de contato para o desenvolvimento de poss\u00edveis formas de coopera\u00e7\u00e3o nas \u00e1reas tem\u00e1ticas j\u00e1 citadas. Nesta semana, propostas conjuntas para projetos de pesquisa poder\u00e3o ser discutidas e elaboradas.<\/p>\n<p>Mais informa\u00e7\u00f5es est\u00e3o dispon\u00edveis no endere\u00e7o: <a href=\"http:\/\/www.capes.gov.br\/sala-de-imprensa\/noticias\/7389-encontro-proporciona-oportunidades-de-parcerias-com-foco-no-desenvolvimento-sustentavel\">http:\/\/www.capes.gov.br\/sala-de-imprensa\/noticias\/7389-encontro-proporciona-oportunidades-de-parcerias-com-foco-no-desenvolvimento-sustentavel<\/a><\/p>\n<p><img decoding=\"async\" class=\"aligncenter size-full wp-image-1421 ml-lightbox-enabled\" src=\"http:\/\/inovacao.bellatrix.ufms.br\/files\/2015\/03\/logo-capes.png\" alt=\"logo-capes\" width=\"136\" height=\"125\" \/><\/p>\n<p>Fonte: Funda\u00e7\u00e3o CAPES (Minist\u00e9rio da Educa\u00e7\u00e3o)<\/p>\n","protected":false},"excerpt":{"rendered":"<p>Est\u00e3o abertas as inscri\u00e7\u00f5es para submiss\u00e3o de projetos de pesquisa binacionais \u2013 envolvendo o Brasil e a Alemanha \u2013 no \u00e2mbito do Programa Inova\u00e7\u00e3o para o Desenvolvimento Sustent\u00e1vel &#8211; Novas Parcerias (NoPa). Ser\u00e3o dois focos tem\u00e1ticos: &#8220;Energias Renov\u00e1veis e Efici\u00eancia Energ\u00e9tica&#8221; e &#8220;Prote\u00e7\u00e3o e Uso Sustent\u00e1vel das Florestas Tropicais&#8221;. Para dar in\u00edcio aos trabalhos relativos [&hellip;]<\/p>\n","protected":false},"author":4173,"featured_media":0,"comment_status":"closed","ping_status":"open","sticky":false,"template":"","format":"standard","meta":{"ngg_post_thumbnail":0,"footnotes":""},"categories":[203],"tags":[],"coauthors":[],"class_list":["post-1420","post","type-post","status-publish","format-standard","hentry","category-noticias-empreendedorismo-inovacao"],"_links":{"self":[{"href":"https:\/\/aginova.ufms.br\/en\/wp-json\/wp\/v2\/posts\/1420","targetHints":{"allow":["GET"]}}],"collection":[{"href":"https:\/\/aginova.ufms.br\/en\/wp-json\/wp\/v2\/posts"}],"about":[{"href":"https:\/\/aginova.ufms.br\/en\/wp-json\/wp\/v2\/types\/post"}],"author":[{"embeddable":true,"href":"https:\/\/aginova.ufms.br\/en\/wp-json\/wp\/v2\/users\/4173"}],"replies":[{"embeddable":true,"href":"https:\/\/aginova.ufms.br\/en\/wp-json\/wp\/v2\/comments?post=1420"}],"version-history":[{"count":2,"href":"https:\/\/aginova.ufms.br\/en\/wp-json\/wp\/v2\/posts\/1420\/revisions"}],"predecessor-version":[{"id":1423,"href":"https:\/\/aginova.ufms.br\/en\/wp-json\/wp\/v2\/posts\/1420\/revisions\/1423"}],"wp:attachment":[{"href":"https:\/\/aginova.ufms.br\/en\/wp-json\/wp\/v2\/media?parent=1420"}],"wp:term":[{"taxonomy":"category","embeddable":true,"href":"https:\/\/aginova.ufms.br\/en\/wp-json\/wp\/v2\/categories?post=1420"},{"taxonomy":"post_tag","embeddable":true,"href":"https:\/\/aginova.ufms.br\/en\/wp-json\/wp\/v2\/tags?post=1420"},{"taxonomy":"author","embeddable":true,"href":"https:\/\/aginova.ufms.br\/en\/wp-json\/wp\/v2\/coauthors?post=1420"}],"curies":[{"name":"wp","href":"https:\/\/api.w.org\/{rel}","templated":true}]}}