{"id":1445,"date":"2015-04-27T11:40:57","date_gmt":"2015-04-27T15:40:57","guid":{"rendered":"http:\/\/inovacao.bellatrix.ufms.br\/?p=1445"},"modified":"2022-07-22T13:51:26","modified_gmt":"2022-07-22T17:51:26","slug":"comeca-hoje-a-caca-talentos-da-iel","status":"publish","type":"post","link":"https:\/\/aginova.ufms.br\/en\/comeca-hoje-a-caca-talentos-da-iel\/","title":{"rendered":"Come\u00e7a hoje a Ca\u00e7a Talentos da IEL"},"content":{"rendered":"<div id=\"attachment_1447\" style=\"width: 189px\" class=\"wp-caption alignleft\"><img decoding=\"async\" aria-describedby=\"caption-attachment-1447\" class=\"wp-image-1447  ml-lightbox-enabled\" src=\"http:\/\/inovacao.bellatrix.ufms.br\/files\/2015\/04\/logo.png\" alt=\"\" width=\"179\" height=\"107\" \/><p id=\"caption-attachment-1447\" class=\"wp-caption-text\">Fonte: Site oficial Ca\u00e7a Talentos (http:\/\/www.cacatalentosiel.com.br\/)<\/p><\/div>\n<p style=\"text-align: justify\">A Ca\u00e7a Talentos \u00e9 um evento organizado para apresenta\u00e7\u00e3o de solu\u00e7\u00f5es e ideias com foco em educa\u00e7\u00e3o profissional, gest\u00e3o empresarial e recursos humanos. A exposi\u00e7\u00e3o conta com espa\u00e7os tem\u00e1ticos, palestras, oficinas e debates, propiciando a dinamiza\u00e7\u00e3o de parcerias e neg\u00f3cios.<\/p>\n<p style=\"text-align: justify\">O evento acontecer\u00e1 entre os dias 27 e 30 de abril. <a href=\"http:\/\/www.cacatalentosiel.com.br\/atracoes\" target=\"_blank\" rel=\"noopener\">Clique aqui<\/a> para ficar por dentro das atra\u00e7\u00f5es programadas.<\/p>\n<p>&nbsp;<\/p>\n<p style=\"text-align: justify\">\u00a0 Outro destaque do evento \u00e9 a participa\u00e7\u00e3o do Sebrae em um estande direcionado \u00e0 potenciais empreendedores, com inscri\u00e7\u00f5es abertas para:<\/p>\n<ul>\n<li style=\"text-align: justify\">Desafio Universit\u00e1rio Empreendedor<\/li>\n<li style=\"text-align: justify\">Teste do Perfil Empreendedor<\/li>\n<li style=\"text-align: justify\">Palestras e oficinas em parceria com o AIESEC, CJE e Startup\/MS.<\/li>\n<\/ul>\n<p>&nbsp;<\/p>\n<p>Segue abaixo a programa\u00e7\u00e3o das palestras:<\/p>\n<p><img fetchpriority=\"high\" decoding=\"async\" class=\"wp-image-1471 alignleft ml-lightbox-enabled\" src=\"http:\/\/inovacao.bellatrix.ufms.br\/files\/2015\/04\/Captura-de-tela-2015-04-27-11.36.40-1024x566.png\" alt=\"Captura de tela 2015-04-27 11.36.40\" width=\"724\" height=\"400\" \/><\/p>\n<p>&nbsp;<\/p>\n<p>A participa\u00e7\u00e3o \u00e9 <strong>gratuita <\/strong>. Para mais informa\u00e7\u00f5es, acesse\u00a0 <a href=\"http:\/\/www.cacatalentosiel.com.br\/\">http:\/\/www.cacatalentosiel.com.br\/<\/a>.<\/p>\n<p>&nbsp;<\/p>\n<p>&nbsp;<\/p>\n","protected":false},"excerpt":{"rendered":"<p>A Ca\u00e7a Talentos \u00e9 um evento organizado para apresenta\u00e7\u00e3o de solu\u00e7\u00f5es e ideias com foco em educa\u00e7\u00e3o profissional, gest\u00e3o empresarial e recursos humanos. A exposi\u00e7\u00e3o conta com espa\u00e7os tem\u00e1ticos, palestras, oficinas e debates, propiciando a dinamiza\u00e7\u00e3o de parcerias e neg\u00f3cios. O evento acontecer\u00e1 entre os dias 27 e 30 de abril. Clique aqui para ficar [&hellip;]<\/p>\n","protected":false},"author":4173,"featured_media":0,"comment_status":"closed","ping_status":"open","sticky":false,"template":"","format":"standard","meta":{"ngg_post_thumbnail":0,"footnotes":""},"categories":[203],"tags":[52,53,54,44],"coauthors":[],"class_list":["post-1445","post","type-post","status-publish","format-standard","hentry","category-noticias-empreendedorismo-inovacao","tag-caca-talentos-iel","tag-empreendedorismo","tag-eventos","tag-sebrae"],"_links":{"self":[{"href":"https:\/\/aginova.ufms.br\/en\/wp-json\/wp\/v2\/posts\/1445","targetHints":{"allow":["GET"]}}],"collection":[{"href":"https:\/\/aginova.ufms.br\/en\/wp-json\/wp\/v2\/posts"}],"about":[{"href":"https:\/\/aginova.ufms.br\/en\/wp-json\/wp\/v2\/types\/post"}],"author":[{"embeddable":true,"href":"https:\/\/aginova.ufms.br\/en\/wp-json\/wp\/v2\/users\/4173"}],"replies":[{"embeddable":true,"href":"https:\/\/aginova.ufms.br\/en\/wp-json\/wp\/v2\/comments?post=1445"}],"version-history":[{"count":35,"href":"https:\/\/aginova.ufms.br\/en\/wp-json\/wp\/v2\/posts\/1445\/revisions"}],"predecessor-version":[{"id":11976,"href":"https:\/\/aginova.ufms.br\/en\/wp-json\/wp\/v2\/posts\/1445\/revisions\/11976"}],"wp:attachment":[{"href":"https:\/\/aginova.ufms.br\/en\/wp-json\/wp\/v2\/media?parent=1445"}],"wp:term":[{"taxonomy":"category","embeddable":true,"href":"https:\/\/aginova.ufms.br\/en\/wp-json\/wp\/v2\/categories?post=1445"},{"taxonomy":"post_tag","embeddable":true,"href":"https:\/\/aginova.ufms.br\/en\/wp-json\/wp\/v2\/tags?post=1445"},{"taxonomy":"author","embeddable":true,"href":"https:\/\/aginova.ufms.br\/en\/wp-json\/wp\/v2\/coauthors?post=1445"}],"curies":[{"name":"wp","href":"https:\/\/api.w.org\/{rel}","templated":true}]}}