{"id":1495,"date":"2015-05-08T10:38:39","date_gmt":"2015-05-08T14:38:39","guid":{"rendered":"http:\/\/inovacao.bellatrix.ufms.br\/?p=1495"},"modified":"2022-07-22T13:51:26","modified_gmt":"2022-07-22T17:51:26","slug":"inscricoes-abertas-para-a-1a-feira-de-solucoes-inovadoras-da-ufms-2","status":"publish","type":"post","link":"https:\/\/aginova.ufms.br\/en\/inscricoes-abertas-para-a-1a-feira-de-solucoes-inovadoras-da-ufms-2\/","title":{"rendered":"1\u00aa Feira de Solu\u00e7\u00f5es Inovadoras: Inscri\u00e7\u00f5es abertas!"},"content":{"rendered":"<p><img decoding=\"async\" class=\"alignleft  wp-image-1513 ml-lightbox-enabled\" src=\"http:\/\/inovacao.bellatrix.ufms.br\/files\/2015\/05\/Modelo-4-Nova-Logo.jpg\" alt=\"\" width=\"153\" height=\"179\" \/>Est\u00e3o abertas as inscri\u00e7\u00f5es at\u00e9 dia 17\/05\/2015 para a\u00a0<strong>1\u00aa \u00a0Feira de Solu\u00e7\u00f5es Inovadoras<\/strong>,\u00a0promovida pela equipe e coordena\u00e7\u00e3o do projeto <strong>\u201cEduca\u00e7\u00e3o empreendedora na UFMS\u201d<\/strong> com apoio dos Chefes da Divis\u00e3o de Apoio ao Empreendedorismo (DIAE) e da Divis\u00e3o Pantanal Incubadora Mista de Empresas (PIME), ambos vinculados a Coordenadoria de Relacionamento Universidade\/Empresa (CRE\/PROPP).<\/p>\n<p>Neste evento, grupos de acad\u00eamicos\u00a0da universidade devem elaborar uma proposta de neg\u00f3cio, produto ou servi\u00e7o inovadores, que ser\u00e1 posteriormente analisada por uma banca avaliadora e a equipe vencedora ser\u00e1 premiada. O objetivo \u00e9 estimular atitudes empreendedoras, preparar jovens universit\u00e1rios para os desafios do mercado, e reconhecer docentes que incentivam atividades empreendedoras e inovadoras com os alunos de gradua\u00e7\u00e3o da UFMS.<\/p>\n<p>A participa\u00e7\u00e3o na feira \u00e9 gratuita e a visita\u00e7\u00e3o \u00e9 aberta para toda a comunidade.<\/p>\n<p><a title=\"Feira de Solu\u00e7\u00f5es Inovadoras da UFMS\" href=\"http:\/\/inovacao.bellatrix.ufms.br\/?page_id=1508\"><span style=\"text-decoration: underline\"><strong>Clique aqui<\/strong><\/span><\/a> para\u00a0mais informa\u00e7\u00f5es sobre a\u00a0feira e inscri\u00e7\u00f5es.<\/p>\n<p>&nbsp;<\/p>\n<p>Apoio: Sebrae MS<\/p>\n<p><img decoding=\"async\" class=\"alignleft  wp-image-1527 ml-lightbox-enabled\" src=\"http:\/\/inovacao.bellatrix.ufms.br\/files\/2015\/05\/SEBRAE.jpg\" alt=\"SEBRAE\" width=\"209\" height=\"125\" \/><\/p>\n","protected":false},"excerpt":{"rendered":"<p>Est\u00e3o abertas as inscri\u00e7\u00f5es at\u00e9 dia 17\/05\/2015 para a\u00a01\u00aa \u00a0Feira de Solu\u00e7\u00f5es Inovadoras,\u00a0promovida pela equipe e coordena\u00e7\u00e3o do projeto \u201cEduca\u00e7\u00e3o empreendedora na UFMS\u201d com apoio dos Chefes da Divis\u00e3o de Apoio ao Empreendedorismo (DIAE) e da Divis\u00e3o Pantanal Incubadora Mista de Empresas (PIME), ambos vinculados a Coordenadoria de Relacionamento Universidade\/Empresa (CRE\/PROPP). Neste evento, grupos de [&hellip;]<\/p>\n","protected":false},"author":4173,"featured_media":0,"comment_status":"closed","ping_status":"open","sticky":false,"template":"","format":"standard","meta":{"ngg_post_thumbnail":0,"footnotes":""},"categories":[203],"tags":[57,53,56,6],"coauthors":[],"class_list":["post-1495","post","type-post","status-publish","format-standard","hentry","category-noticias-empreendedorismo-inovacao","tag-educacao-empreendedora-ufms","tag-empreendedorismo","tag-feira-de-solucoes-inovadoras","tag-inovacao"],"_links":{"self":[{"href":"https:\/\/aginova.ufms.br\/en\/wp-json\/wp\/v2\/posts\/1495","targetHints":{"allow":["GET"]}}],"collection":[{"href":"https:\/\/aginova.ufms.br\/en\/wp-json\/wp\/v2\/posts"}],"about":[{"href":"https:\/\/aginova.ufms.br\/en\/wp-json\/wp\/v2\/types\/post"}],"author":[{"embeddable":true,"href":"https:\/\/aginova.ufms.br\/en\/wp-json\/wp\/v2\/users\/4173"}],"replies":[{"embeddable":true,"href":"https:\/\/aginova.ufms.br\/en\/wp-json\/wp\/v2\/comments?post=1495"}],"version-history":[{"count":16,"href":"https:\/\/aginova.ufms.br\/en\/wp-json\/wp\/v2\/posts\/1495\/revisions"}],"predecessor-version":[{"id":1635,"href":"https:\/\/aginova.ufms.br\/en\/wp-json\/wp\/v2\/posts\/1495\/revisions\/1635"}],"wp:attachment":[{"href":"https:\/\/aginova.ufms.br\/en\/wp-json\/wp\/v2\/media?parent=1495"}],"wp:term":[{"taxonomy":"category","embeddable":true,"href":"https:\/\/aginova.ufms.br\/en\/wp-json\/wp\/v2\/categories?post=1495"},{"taxonomy":"post_tag","embeddable":true,"href":"https:\/\/aginova.ufms.br\/en\/wp-json\/wp\/v2\/tags?post=1495"},{"taxonomy":"author","embeddable":true,"href":"https:\/\/aginova.ufms.br\/en\/wp-json\/wp\/v2\/coauthors?post=1495"}],"curies":[{"name":"wp","href":"https:\/\/api.w.org\/{rel}","templated":true}]}}