{"id":15316,"date":"2024-04-29T09:17:45","date_gmt":"2024-04-29T13:17:45","guid":{"rendered":"https:\/\/aginova.ufms.br\/?p=15316"},"modified":"2025-05-28T15:36:10","modified_gmt":"2025-05-28T19:36:10","slug":"1o-resultado-preliminar-da-pre-selecao-para-mobilidade-academica-internacional-nas-universidades-de-jaen-gran-rosario-instituto-superior-tecnico-de-lisboa-e-uniguajira","status":"publish","type":"post","link":"https:\/\/aginova.ufms.br\/en\/1o-resultado-preliminar-da-pre-selecao-para-mobilidade-academica-internacional-nas-universidades-de-jaen-gran-rosario-instituto-superior-tecnico-de-lisboa-e-uniguajira\/","title":{"rendered":"(Portugu\u00eas do Brasil) 1\u00ba RESULTADO PRELIMINAR DA PR\u00c9-SELE\u00c7\u00c3O PARA MOBILIDADE ACAD\u00caMICA INTERNACIONAL NAS UNIVERSIDADES DE JA\u00c9N, GRAN ROSARIO, INSTITUTO SUPERIOR T\u00c9CNICO DE LISBOA E UNIGUAJIRA"},"content":{"rendered":"<p class=\"qtranxs-available-languages-message qtranxs-available-languages-message-en\">Sorry, this entry is only available in <a href=\"https:\/\/aginova.ufms.br\/pb\/wp-json\/wp\/v2\/posts\/15316\" class=\"qtranxs-available-language-link qtranxs-available-language-link-pb\" title=\"Portugu\u00eas do Brasil\">Portugu\u00eas do Brasil<\/a>.<\/p>","protected":false},"excerpt":{"rendered":"<p>Sorry, this entry is only available in Portugu\u00eas do Brasil.<\/p>\n","protected":false},"author":26803,"featured_media":0,"comment_status":"closed","ping_status":"closed","sticky":false,"template":"","format":"standard","meta":{"ngg_post_thumbnail":0,"footnotes":""},"categories":[84],"tags":[],"coauthors":[],"class_list":["post-15316","post","type-post","status-publish","format-standard","hentry","category-relacoes-internacionais"],"_links":{"self":[{"href":"https:\/\/aginova.ufms.br\/en\/wp-json\/wp\/v2\/posts\/15316","targetHints":{"allow":["GET"]}}],"collection":[{"href":"https:\/\/aginova.ufms.br\/en\/wp-json\/wp\/v2\/posts"}],"about":[{"href":"https:\/\/aginova.ufms.br\/en\/wp-json\/wp\/v2\/types\/post"}],"author":[{"embeddable":true,"href":"https:\/\/aginova.ufms.br\/en\/wp-json\/wp\/v2\/users\/26803"}],"replies":[{"embeddable":true,"href":"https:\/\/aginova.ufms.br\/en\/wp-json\/wp\/v2\/comments?post=15316"}],"version-history":[{"count":2,"href":"https:\/\/aginova.ufms.br\/en\/wp-json\/wp\/v2\/posts\/15316\/revisions"}],"predecessor-version":[{"id":15319,"href":"https:\/\/aginova.ufms.br\/en\/wp-json\/wp\/v2\/posts\/15316\/revisions\/15319"}],"wp:attachment":[{"href":"https:\/\/aginova.ufms.br\/en\/wp-json\/wp\/v2\/media?parent=15316"}],"wp:term":[{"taxonomy":"category","embeddable":true,"href":"https:\/\/aginova.ufms.br\/en\/wp-json\/wp\/v2\/categories?post=15316"},{"taxonomy":"post_tag","embeddable":true,"href":"https:\/\/aginova.ufms.br\/en\/wp-json\/wp\/v2\/tags?post=15316"},{"taxonomy":"author","embeddable":true,"href":"https:\/\/aginova.ufms.br\/en\/wp-json\/wp\/v2\/coauthors?post=15316"}],"curies":[{"name":"wp","href":"https:\/\/api.w.org\/{rel}","templated":true}]}}