{"id":1536,"date":"2015-05-18T08:58:46","date_gmt":"2015-05-18T12:58:46","guid":{"rendered":"http:\/\/inovacao.bellatrix.ufms.br\/?p=1536"},"modified":"2022-07-22T13:51:26","modified_gmt":"2022-07-22T17:51:26","slug":"prorrogadas-as-inscricoes-para-a-ia-feira-de-solucoes-inovadoras","status":"publish","type":"post","link":"https:\/\/aginova.ufms.br\/en\/prorrogadas-as-inscricoes-para-a-ia-feira-de-solucoes-inovadoras\/","title":{"rendered":"Prorrogadas as Inscri\u00e7\u00f5es para a I\u00aa Feira de Solu\u00e7\u00f5es Inovadoras"},"content":{"rendered":"<p>As inscri\u00e7\u00f5es para a Primeira Feira de Solu\u00e7\u00f5es Inovadoras foram <strong>prorrogadas<\/strong>. O per\u00edodo de inscri\u00e7\u00e3o para as propostas acontecem at\u00e9 o dia <strong>20\/05\/2015<\/strong>, e \u00e9 totalmente online.<\/p>\n<p>A feira prev\u00ea <strong>premia\u00e7\u00f5es<\/strong> como \u201cM\u00e9rito de empreendedorismo inovador da UFMS\u201d, viagem para empreendimentos de sucesso nacional, deslocamento e hospedagem paga (1\u00ba classificado), entre outros.<\/p>\n<p>&nbsp;<\/p>\n<h4>Quem pode participar?<\/h4>\n<ul>\n<li>Equipes com no m\u00e1ximo 5 alunos de gradua\u00e7\u00e3o e EAD;<\/li>\n<li>Exatamente 1 professor por equipe;<\/li>\n<li>Todos os campi da UFMS.<\/li>\n<\/ul>\n<p>&nbsp;<\/p>\n<p>A Primeira Feira de Solu\u00e7\u00f5es Inovadoras acontecer\u00e1 no dia 11\/06\/15 no Complexo Multiuso (campus de Campo Grande) e\u00a0visa \u00e0 participa\u00e7\u00e3o, sele\u00e7\u00e3o e premia\u00e7\u00e3o de grupos compostos por alunos de gradua\u00e7\u00e3o e professores (todos os campi) com propostas de solu\u00e7\u00f5es inovadoras (produtos, servi\u00e7os, solu\u00e7\u00f5es para comunidades).<\/p>\n<p>&nbsp;<\/p>\n<p><a href=\"http:\/\/inovacao.bellatrix.ufms.br\/files\/2015\/05\/Edital-Prorroga\u00e7\u00e3o-Primeira-Feira-de-Solu\u00e7\u00f5es-Inovadoras-da-UFMS.pdf\">Edital (Prorroga\u00e7\u00e3o) Primeira Feira de Solu\u00e7\u00f5es Inovadoras<\/a><\/p>\n<p>&nbsp;<\/p>\n<p>Para mais informa\u00e7\u00f5es, acesse a <a href=\"http:\/\/inovacao.bellatrix.ufms.br\/?page_id=1508\">p\u00e1gina da Feira no Portal Inova\u00e7\u00e3o<\/a>.<\/p>\n<p>&nbsp;<\/p>\n<p>Apoio: Sebrae MS<a href=\"http:\/\/inovacao.bellatrix.ufms.br\/files\/2015\/05\/Publication11.png\"><br \/>\n<\/a><\/p>\n<p><img decoding=\"async\" class=\"alignleft  wp-image-1527 ml-lightbox-enabled\" src=\"http:\/\/inovacao.bellatrix.ufms.br\/files\/2015\/05\/SEBRAE.jpg\" alt=\"SEBRAE\" width=\"238\" height=\"142\" \/><\/p>\n","protected":false},"excerpt":{"rendered":"<p>As inscri\u00e7\u00f5es para a Primeira Feira de Solu\u00e7\u00f5es Inovadoras foram prorrogadas. O per\u00edodo de inscri\u00e7\u00e3o para as propostas acontecem at\u00e9 o dia 20\/05\/2015, e \u00e9 totalmente online. A feira prev\u00ea premia\u00e7\u00f5es como \u201cM\u00e9rito de empreendedorismo inovador da UFMS\u201d, viagem para empreendimentos de sucesso nacional, deslocamento e hospedagem paga (1\u00ba classificado), entre outros. &nbsp; Quem pode [&hellip;]<\/p>\n","protected":false},"author":4173,"featured_media":0,"comment_status":"closed","ping_status":"open","sticky":false,"template":"","format":"standard","meta":{"ngg_post_thumbnail":0,"footnotes":""},"categories":[203],"tags":[],"coauthors":[],"class_list":["post-1536","post","type-post","status-publish","format-standard","hentry","category-noticias-empreendedorismo-inovacao"],"_links":{"self":[{"href":"https:\/\/aginova.ufms.br\/en\/wp-json\/wp\/v2\/posts\/1536","targetHints":{"allow":["GET"]}}],"collection":[{"href":"https:\/\/aginova.ufms.br\/en\/wp-json\/wp\/v2\/posts"}],"about":[{"href":"https:\/\/aginova.ufms.br\/en\/wp-json\/wp\/v2\/types\/post"}],"author":[{"embeddable":true,"href":"https:\/\/aginova.ufms.br\/en\/wp-json\/wp\/v2\/users\/4173"}],"replies":[{"embeddable":true,"href":"https:\/\/aginova.ufms.br\/en\/wp-json\/wp\/v2\/comments?post=1536"}],"version-history":[{"count":7,"href":"https:\/\/aginova.ufms.br\/en\/wp-json\/wp\/v2\/posts\/1536\/revisions"}],"predecessor-version":[{"id":1629,"href":"https:\/\/aginova.ufms.br\/en\/wp-json\/wp\/v2\/posts\/1536\/revisions\/1629"}],"wp:attachment":[{"href":"https:\/\/aginova.ufms.br\/en\/wp-json\/wp\/v2\/media?parent=1536"}],"wp:term":[{"taxonomy":"category","embeddable":true,"href":"https:\/\/aginova.ufms.br\/en\/wp-json\/wp\/v2\/categories?post=1536"},{"taxonomy":"post_tag","embeddable":true,"href":"https:\/\/aginova.ufms.br\/en\/wp-json\/wp\/v2\/tags?post=1536"},{"taxonomy":"author","embeddable":true,"href":"https:\/\/aginova.ufms.br\/en\/wp-json\/wp\/v2\/coauthors?post=1536"}],"curies":[{"name":"wp","href":"https:\/\/api.w.org\/{rel}","templated":true}]}}