{"id":154,"date":"2012-01-09T15:05:58","date_gmt":"2012-01-09T19:05:58","guid":{"rendered":"http:\/\/inovacao.bellatrix.ufms.br\/?p=154"},"modified":"2022-07-22T13:51:39","modified_gmt":"2022-07-22T17:51:39","slug":"curso-gestao-estrategica-da-inovacao","status":"publish","type":"post","link":"https:\/\/aginova.ufms.br\/en\/curso-gestao-estrategica-da-inovacao\/","title":{"rendered":"Curso: Gest\u00e3o Estrat\u00e9gica da Inova\u00e7\u00e3o"},"content":{"rendered":"<p>O curso de Gest\u00e3o Estrat\u00e9gica da Inova\u00e7\u00e3o \u00e9 voltado para profissionais portadores de diplomas de curso superior. Este curso contar\u00e1 com a participa\u00e7\u00e3o de instrutores da Associa\u00e7\u00e3o Nacional de Pesquisa e Desenvolvimento das Empresas Inovadoras (ANPEI), da qual fazem parte empresas como Siemens, Petrobr\u00e1s, WEG, Embraer e Braskem.<\/p>\n<p>O curso \u00e9 composto por 4 m\u00f3dulos distintos. As inscri\u00e7\u00f5es dos candidatos ser\u00e3o realizadas a cada m\u00f3dulo. Desta forma, as necessidades de cada empresa ou profissional poder\u00e3o ser atendidas de forma customizada pelo curso. Caso o candidato queira cursar todos os m\u00f3dulos do curso, sua matr\u00edcula no m\u00f3dulo I ser\u00e1 levada em considera\u00e7\u00e3o como crit\u00e9rio de sele\u00e7\u00e3o para os m\u00f3dulos seguintes.<\/p>\n<p><strong>Parcerias institucionais:<br \/>\n<\/strong><a href=\"http:\/\/www.anpei.org.br\/\"><img decoding=\"async\" class=\"alignnone size-full wp-image-386\" src=\"http:\/\/inovacao.bellatrix.ufms.br\/files\/2012\/01\/ANPEI.jpg\" alt=\"\" width=\"72\" height=\"37\" \/><\/a><a href=\"http:\/\/www.cnpq.br\/\"><img decoding=\"async\" class=\"alignnone size-full wp-image-387\" src=\"http:\/\/inovacao.bellatrix.ufms.br\/files\/2012\/01\/CNPQ.jpg\" alt=\"\" width=\"198\" height=\"37\" \/><\/a><a href=\"http:\/\/www.sebrae.com.br\/uf\/mato-grosso-do-sul\"><img decoding=\"async\" class=\"alignnone size-full wp-image-390\" src=\"http:\/\/inovacao.bellatrix.ufms.br\/files\/2012\/01\/SEBRAE.jpg\" alt=\"\" width=\"69\" height=\"37\" \/><\/a><a href=\"http:\/\/www.eit.ufmt.br\/\"><img loading=\"lazy\" decoding=\"async\" class=\"alignnone size-full wp-image-388\" src=\"http:\/\/inovacao.bellatrix.ufms.br\/files\/2012\/01\/EIT.jpg\" alt=\"\" width=\"73\" height=\"37\" \/><\/a><a href=\"http:\/\/www.ufmt.br\/ufmt\/site\/\"><img loading=\"lazy\" decoding=\"async\" class=\"alignnone size-full wp-image-385\" src=\"http:\/\/inovacao.bellatrix.ufms.br\/files\/2012\/01\/UFMT.jpg\" alt=\"\" width=\"41\" height=\"37\" \/><\/a><a href=\"http:\/\/fundect.ledes.net\/\"><img loading=\"lazy\" decoding=\"async\" class=\"alignnone size-full wp-image-389\" src=\"http:\/\/inovacao.bellatrix.ufms.br\/files\/2012\/01\/FUNDECT.jpg\" alt=\"\" width=\"60\" height=\"37\" \/><\/a><a href=\"http:\/\/apitt.ufms.br\"><img loading=\"lazy\" decoding=\"async\" class=\"alignnone size-full wp-image-394\" src=\"http:\/\/inovacao.bellatrix.ufms.br\/files\/2012\/01\/APITT.jpg\" alt=\"\" width=\"37\" height=\"29\" \/><\/a><a href=\"http:\/\/inovacao.bellatrix.ufms.br\/universidade-empresa\/cursos\/gestao-estrategica-da-inovacao\"><img loading=\"lazy\" decoding=\"async\" class=\"alignnone size-full wp-image-499\" src=\"http:\/\/inovacao.bellatrix.ufms.br\/files\/2012\/01\/mod1e_g.jpg\" alt=\"\" width=\"500\" height=\"130\" \/><\/a><\/p>\n<p><a href=\"http:\/\/inovacao.bellatrix.ufms.br\/universidade-empresa\/cursos\/modulo-2\"><img loading=\"lazy\" decoding=\"async\" class=\"alignnone size-full wp-image-564\" src=\"http:\/\/inovacao.bellatrix.ufms.br\/files\/2012\/01\/mod2.jpg\" alt=\"\" width=\"500\" height=\"130\" \/><\/a><\/p>\n<p><a href=\"http:\/\/inovacao.bellatrix.ufms.br\/universidade-empresa\/cursos\/modulo-iii-competindo-com-inovacao-tecnologica\"><img loading=\"lazy\" decoding=\"async\" class=\"alignnone size-full wp-image-363\" src=\"http:\/\/inovacao.bellatrix.ufms.br\/files\/2012\/01\/gei.mod_.3b.gray_.jpg\" alt=\"\" width=\"500\" height=\"130\" \/><\/a><\/p>\n<p><a href=\"http:\/\/inovacao.bellatrix.ufms.br\/universidade-empresa\/cursos\/modulo-iv-criatividade-e-design-thinking\"><img loading=\"lazy\" decoding=\"async\" class=\"alignnone size-full wp-image-362\" src=\"http:\/\/inovacao.bellatrix.ufms.br\/files\/2012\/01\/gei.mod_.4b.gray_.jpg\" alt=\"\" width=\"500\" height=\"130\" \/><\/a><\/p>\n","protected":false},"excerpt":{"rendered":"<p>O curso de Gest\u00e3o Estrat\u00e9gica da Inova\u00e7\u00e3o \u00e9 voltado para profissionais portadores de diplomas de curso superior. Este curso contar\u00e1 com a participa\u00e7\u00e3o de instrutores da Associa\u00e7\u00e3o Nacional de Pesquisa e Desenvolvimento das Empresas Inovadoras (ANPEI), da qual fazem parte empresas como Siemens, Petrobr\u00e1s, WEG, Embraer e Braskem. O curso \u00e9 composto por 4 m\u00f3dulos [&hellip;]<\/p>\n","protected":false},"author":47,"featured_media":188,"comment_status":"closed","ping_status":"open","sticky":false,"template":"","format":"standard","meta":{"ngg_post_thumbnail":0,"footnotes":""},"categories":[203],"tags":[],"coauthors":[],"class_list":["post-154","post","type-post","status-publish","format-standard","has-post-thumbnail","hentry","category-noticias-empreendedorismo-inovacao"],"_links":{"self":[{"href":"https:\/\/aginova.ufms.br\/en\/wp-json\/wp\/v2\/posts\/154","targetHints":{"allow":["GET"]}}],"collection":[{"href":"https:\/\/aginova.ufms.br\/en\/wp-json\/wp\/v2\/posts"}],"about":[{"href":"https:\/\/aginova.ufms.br\/en\/wp-json\/wp\/v2\/types\/post"}],"author":[{"embeddable":true,"href":"https:\/\/aginova.ufms.br\/en\/wp-json\/wp\/v2\/users\/47"}],"replies":[{"embeddable":true,"href":"https:\/\/aginova.ufms.br\/en\/wp-json\/wp\/v2\/comments?post=154"}],"version-history":[{"count":35,"href":"https:\/\/aginova.ufms.br\/en\/wp-json\/wp\/v2\/posts\/154\/revisions"}],"predecessor-version":[{"id":274,"href":"https:\/\/aginova.ufms.br\/en\/wp-json\/wp\/v2\/posts\/154\/revisions\/274"}],"wp:featuredmedia":[{"embeddable":true,"href":"https:\/\/aginova.ufms.br\/en\/wp-json\/wp\/v2\/media\/188"}],"wp:attachment":[{"href":"https:\/\/aginova.ufms.br\/en\/wp-json\/wp\/v2\/media?parent=154"}],"wp:term":[{"taxonomy":"category","embeddable":true,"href":"https:\/\/aginova.ufms.br\/en\/wp-json\/wp\/v2\/categories?post=154"},{"taxonomy":"post_tag","embeddable":true,"href":"https:\/\/aginova.ufms.br\/en\/wp-json\/wp\/v2\/tags?post=154"},{"taxonomy":"author","embeddable":true,"href":"https:\/\/aginova.ufms.br\/en\/wp-json\/wp\/v2\/coauthors?post=154"}],"curies":[{"name":"wp","href":"https:\/\/api.w.org\/{rel}","templated":true}]}}