{"id":15461,"date":"2024-06-14T11:56:03","date_gmt":"2024-06-14T15:56:03","guid":{"rendered":"https:\/\/aginova.ufms.br\/?p=15461"},"modified":"2025-05-28T15:35:52","modified_gmt":"2025-05-28T19:35:52","slug":"estao-abertas-as-inscricoes-para-mobilidade-academica-internacional-na-alemanha","status":"publish","type":"post","link":"https:\/\/aginova.ufms.br\/en\/estao-abertas-as-inscricoes-para-mobilidade-academica-internacional-na-alemanha\/","title":{"rendered":"(Portugu\u00eas do Brasil) Est\u00e3o abertas as inscri\u00e7\u00f5es para Mobilidade Acad\u00eamica Internacional na Alemanha"},"content":{"rendered":"<p class=\"qtranxs-available-languages-message qtranxs-available-languages-message-en\">Sorry, this entry is only available in <a href=\"https:\/\/aginova.ufms.br\/pb\/wp-json\/wp\/v2\/posts\/15461\" class=\"qtranxs-available-language-link qtranxs-available-language-link-pb\" title=\"Portugu\u00eas do Brasil\">Portugu\u00eas do Brasil<\/a>.<\/p>","protected":false},"excerpt":{"rendered":"<p>Sorry, this entry is only available in Portugu\u00eas do Brasil.<\/p>\n","protected":false},"author":4173,"featured_media":0,"comment_status":"closed","ping_status":"closed","sticky":false,"template":"","format":"standard","meta":{"ngg_post_thumbnail":0,"footnotes":""},"categories":[84],"tags":[],"coauthors":[],"class_list":["post-15461","post","type-post","status-publish","format-standard","hentry","category-relacoes-internacionais"],"_links":{"self":[{"href":"https:\/\/aginova.ufms.br\/en\/wp-json\/wp\/v2\/posts\/15461","targetHints":{"allow":["GET"]}}],"collection":[{"href":"https:\/\/aginova.ufms.br\/en\/wp-json\/wp\/v2\/posts"}],"about":[{"href":"https:\/\/aginova.ufms.br\/en\/wp-json\/wp\/v2\/types\/post"}],"author":[{"embeddable":true,"href":"https:\/\/aginova.ufms.br\/en\/wp-json\/wp\/v2\/users\/4173"}],"replies":[{"embeddable":true,"href":"https:\/\/aginova.ufms.br\/en\/wp-json\/wp\/v2\/comments?post=15461"}],"version-history":[{"count":1,"href":"https:\/\/aginova.ufms.br\/en\/wp-json\/wp\/v2\/posts\/15461\/revisions"}],"predecessor-version":[{"id":15462,"href":"https:\/\/aginova.ufms.br\/en\/wp-json\/wp\/v2\/posts\/15461\/revisions\/15462"}],"wp:attachment":[{"href":"https:\/\/aginova.ufms.br\/en\/wp-json\/wp\/v2\/media?parent=15461"}],"wp:term":[{"taxonomy":"category","embeddable":true,"href":"https:\/\/aginova.ufms.br\/en\/wp-json\/wp\/v2\/categories?post=15461"},{"taxonomy":"post_tag","embeddable":true,"href":"https:\/\/aginova.ufms.br\/en\/wp-json\/wp\/v2\/tags?post=15461"},{"taxonomy":"author","embeddable":true,"href":"https:\/\/aginova.ufms.br\/en\/wp-json\/wp\/v2\/coauthors?post=15461"}],"curies":[{"name":"wp","href":"https:\/\/api.w.org\/{rel}","templated":true}]}}