{"id":1583,"date":"2015-05-26T22:55:03","date_gmt":"2015-05-27T02:55:03","guid":{"rendered":"http:\/\/inovacao.bellatrix.ufms.br\/?p=1583"},"modified":"2022-07-22T13:51:25","modified_gmt":"2022-07-22T17:51:25","slug":"resultado-fase-i-primeira-feira-de-solucoes-inovadoras","status":"publish","type":"post","link":"https:\/\/aginova.ufms.br\/en\/resultado-fase-i-primeira-feira-de-solucoes-inovadoras\/","title":{"rendered":"Resultado FASE I &#8211; Primeira Feira de Solu\u00e7\u00f5es Inovadoras"},"content":{"rendered":"<p><img fetchpriority=\"high\" decoding=\"async\" class=\" wp-image-1623  aligncenter ml-lightbox-enabled\" src=\"http:\/\/inovacao.bellatrix.ufms.br\/files\/2015\/05\/Untitled-Banner1.png\" alt=\"\" width=\"518\" height=\"195\" \/><\/p>\n<p>Divulgada a lista de candidatos com inscri\u00e7\u00f5es deferidas\u00a0e avaliadas na FASE I do processo seletivo da Primeira Feira de Solu\u00e7\u00f5es Inovadoras, ap\u00f3s a aplica\u00e7\u00e3o dos crit\u00e9rios previstos no <a href=\"http:\/\/inovacao.bellatrix.ufms.br\/files\/2015\/05\/Edital-Prorroga\u00e7\u00e3o-Primeira-Feira-de-Solu\u00e7\u00f5es-Inovadoras-da-UFMS.pdf\">referido edital<\/a>, visando \u00e0 sele\u00e7\u00e3o, participa\u00e7\u00e3o e premia\u00e7\u00e3o de grupos de alunos de gradua\u00e7\u00e3o e professores.<\/p>\n<p>&nbsp;<\/p>\n<p><a href=\"http:\/\/inovacao.bellatrix.ufms.br\/files\/2015\/05\/Resultado-final-inscri\u00e7\u00f5es-deferidas.pdf\">Acesse aqui a rela\u00e7\u00e3o de inscri\u00e7\u00f5es deferidas e indeferidas na FASE I da Feira.<\/a><\/p>\n<p>&nbsp;<\/p>\n<p>Para saber mais sobre a Feira de Solu\u00e7\u00f5es Inovadoras, <a href=\"http:\/\/inovacao.bellatrix.ufms.br\/?page_id=1508\"><strong>clique aqui<\/strong><\/a>.<\/p>\n<p>&nbsp;<\/p>\n<p>&nbsp;<\/p>\n<p>Apoio: Sebrae MS<\/p>\n","protected":false},"excerpt":{"rendered":"<p>Divulgada a lista de candidatos com inscri\u00e7\u00f5es deferidas\u00a0e avaliadas na FASE I do processo seletivo da Primeira Feira de Solu\u00e7\u00f5es Inovadoras, ap\u00f3s a aplica\u00e7\u00e3o dos crit\u00e9rios previstos no referido edital, visando \u00e0 sele\u00e7\u00e3o, participa\u00e7\u00e3o e premia\u00e7\u00e3o de grupos de alunos de gradua\u00e7\u00e3o e professores. &nbsp; Acesse aqui a rela\u00e7\u00e3o de inscri\u00e7\u00f5es deferidas e indeferidas na [&hellip;]<\/p>\n","protected":false},"author":4173,"featured_media":0,"comment_status":"closed","ping_status":"open","sticky":false,"template":"","format":"standard","meta":{"ngg_post_thumbnail":0,"footnotes":""},"categories":[203],"tags":[],"coauthors":[],"class_list":["post-1583","post","type-post","status-publish","format-standard","hentry","category-noticias-empreendedorismo-inovacao"],"_links":{"self":[{"href":"https:\/\/aginova.ufms.br\/en\/wp-json\/wp\/v2\/posts\/1583","targetHints":{"allow":["GET"]}}],"collection":[{"href":"https:\/\/aginova.ufms.br\/en\/wp-json\/wp\/v2\/posts"}],"about":[{"href":"https:\/\/aginova.ufms.br\/en\/wp-json\/wp\/v2\/types\/post"}],"author":[{"embeddable":true,"href":"https:\/\/aginova.ufms.br\/en\/wp-json\/wp\/v2\/users\/4173"}],"replies":[{"embeddable":true,"href":"https:\/\/aginova.ufms.br\/en\/wp-json\/wp\/v2\/comments?post=1583"}],"version-history":[{"count":6,"href":"https:\/\/aginova.ufms.br\/en\/wp-json\/wp\/v2\/posts\/1583\/revisions"}],"predecessor-version":[{"id":1628,"href":"https:\/\/aginova.ufms.br\/en\/wp-json\/wp\/v2\/posts\/1583\/revisions\/1628"}],"wp:attachment":[{"href":"https:\/\/aginova.ufms.br\/en\/wp-json\/wp\/v2\/media?parent=1583"}],"wp:term":[{"taxonomy":"category","embeddable":true,"href":"https:\/\/aginova.ufms.br\/en\/wp-json\/wp\/v2\/categories?post=1583"},{"taxonomy":"post_tag","embeddable":true,"href":"https:\/\/aginova.ufms.br\/en\/wp-json\/wp\/v2\/tags?post=1583"},{"taxonomy":"author","embeddable":true,"href":"https:\/\/aginova.ufms.br\/en\/wp-json\/wp\/v2\/coauthors?post=1583"}],"curies":[{"name":"wp","href":"https:\/\/api.w.org\/{rel}","templated":true}]}}