{"id":15875,"date":"2024-11-27T15:06:07","date_gmt":"2024-11-27T19:06:07","guid":{"rendered":"https:\/\/aginova.ufms.br\/?p=15875"},"modified":"2025-05-28T14:56:23","modified_gmt":"2025-05-28T18:56:23","slug":"publicado-o-edital-de-pre-selecao-do-programa-summer-2025-study-of-the-u-s-institute-for-global-student-leaders-on-climate-change-and-the-environment","status":"publish","type":"post","link":"https:\/\/aginova.ufms.br\/en\/publicado-o-edital-de-pre-selecao-do-programa-summer-2025-study-of-the-u-s-institute-for-global-student-leaders-on-climate-change-and-the-environment\/","title":{"rendered":"(Portugu\u00eas do Brasil) Publicado o edital  de pr\u00e9-sele\u00e7\u00e3o do programa Summer 2025 Study of the U.S. Institute for Global Student Leaders on Climate Change and the Environment."},"content":{"rendered":"<p class=\"qtranxs-available-languages-message qtranxs-available-languages-message-en\">Sorry, this entry is only available in <a href=\"https:\/\/aginova.ufms.br\/pb\/wp-json\/wp\/v2\/posts\/15875\" class=\"qtranxs-available-language-link qtranxs-available-language-link-pb\" title=\"Portugu\u00eas do Brasil\">Portugu\u00eas do Brasil<\/a>.<\/p>","protected":false},"excerpt":{"rendered":"<p>Sorry, this entry is only available in Portugu\u00eas do Brasil.<\/p>\n","protected":false},"author":423,"featured_media":0,"comment_status":"closed","ping_status":"closed","sticky":false,"template":"","format":"standard","meta":{"ngg_post_thumbnail":0,"footnotes":""},"categories":[83],"tags":[],"coauthors":[262],"class_list":["post-15875","post","type-post","status-publish","format-standard","hentry","category-sem-categoria"],"_links":{"self":[{"href":"https:\/\/aginova.ufms.br\/en\/wp-json\/wp\/v2\/posts\/15875","targetHints":{"allow":["GET"]}}],"collection":[{"href":"https:\/\/aginova.ufms.br\/en\/wp-json\/wp\/v2\/posts"}],"about":[{"href":"https:\/\/aginova.ufms.br\/en\/wp-json\/wp\/v2\/types\/post"}],"author":[{"embeddable":true,"href":"https:\/\/aginova.ufms.br\/en\/wp-json\/wp\/v2\/users\/423"}],"replies":[{"embeddable":true,"href":"https:\/\/aginova.ufms.br\/en\/wp-json\/wp\/v2\/comments?post=15875"}],"version-history":[{"count":2,"href":"https:\/\/aginova.ufms.br\/en\/wp-json\/wp\/v2\/posts\/15875\/revisions"}],"predecessor-version":[{"id":15884,"href":"https:\/\/aginova.ufms.br\/en\/wp-json\/wp\/v2\/posts\/15875\/revisions\/15884"}],"wp:attachment":[{"href":"https:\/\/aginova.ufms.br\/en\/wp-json\/wp\/v2\/media?parent=15875"}],"wp:term":[{"taxonomy":"category","embeddable":true,"href":"https:\/\/aginova.ufms.br\/en\/wp-json\/wp\/v2\/categories?post=15875"},{"taxonomy":"post_tag","embeddable":true,"href":"https:\/\/aginova.ufms.br\/en\/wp-json\/wp\/v2\/tags?post=15875"},{"taxonomy":"author","embeddable":true,"href":"https:\/\/aginova.ufms.br\/en\/wp-json\/wp\/v2\/coauthors?post=15875"}],"curies":[{"name":"wp","href":"https:\/\/api.w.org\/{rel}","templated":true}]}}