{"id":1601,"date":"2015-06-01T10:09:33","date_gmt":"2015-06-01T14:09:33","guid":{"rendered":"http:\/\/inovacao.bellatrix.ufms.br\/?p=1601"},"modified":"2022-07-22T13:51:25","modified_gmt":"2022-07-22T17:51:25","slug":"abertas-as-incricoes-do-startar-programa-sebrae-de-startups","status":"publish","type":"post","link":"https:\/\/aginova.ufms.br\/en\/abertas-as-incricoes-do-startar-programa-sebrae-de-startups\/","title":{"rendered":"Abertas as incri\u00e7\u00f5es do Startar &#8211; Programa Sebrae de startups"},"content":{"rendered":"<p><img decoding=\"async\" class=\"wp-image-1527 aligncenter ml-lightbox-enabled\" src=\"http:\/\/inovacao.bellatrix.ufms.br\/files\/2015\/05\/SEBRAE.jpg\" alt=\"SEBRAE\" width=\"251\" height=\"150\" \/>O Sebrae lan\u00e7ou um programa de startups, o <strong>Startar<\/strong>. O programa \u00e9 composto de diversas fases, com encontros semanais e\/ou mensais. O objetivo \u00e9 estimular a cria\u00e7\u00e3o de startups preparando e acompanhando a evolu\u00e7\u00e3o da empresa nas seguintes \u00e1reas:<\/p>\n<p>1) Ideia<br \/>\n2) Modelo de Neg\u00f3cio<br \/>\n3) Produto<br \/>\n4) Tamanho de Mercado<br \/>\n5) Crescimento<br \/>\n6) Finan\u00e7as<br \/>\n7) Pitch<br \/>\n8) Investimento<\/p>\n<p>Mais informa\u00e7\u00f5es e inscri\u00e7\u00f5es no link: <strong><span style=\"color: #3366ff\"><a style=\"color: #3366ff\" href=\"https:\/\/goo.gl\/wPVKgY\">Programa Sebrae Startar<\/a><\/span><\/strong><\/p>\n<p>Para saber mais sobre o que \u00e9 uma startup, acesse: <a href=\"http:\/\/goo.gl\/DCTllp\"><span style=\"color: #3366ff\"><strong>O que \u00e9 uma Startup?<\/strong><\/span><\/a><\/p>\n<p>&nbsp;<\/p>\n<p>&nbsp;<\/p>\n","protected":false},"excerpt":{"rendered":"<p>O Sebrae lan\u00e7ou um programa de startups, o Startar. O programa \u00e9 composto de diversas fases, com encontros semanais e\/ou mensais. O objetivo \u00e9 estimular a cria\u00e7\u00e3o de startups preparando e acompanhando a evolu\u00e7\u00e3o da empresa nas seguintes \u00e1reas: 1) Ideia 2) Modelo de Neg\u00f3cio 3) Produto 4) Tamanho de Mercado 5) Crescimento 6) Finan\u00e7as [&hellip;]<\/p>\n","protected":false},"author":4173,"featured_media":0,"comment_status":"closed","ping_status":"open","sticky":false,"template":"","format":"standard","meta":{"ngg_post_thumbnail":0,"footnotes":""},"categories":[203],"tags":[6,44,59,21],"coauthors":[],"class_list":["post-1601","post","type-post","status-publish","format-standard","hentry","category-noticias-empreendedorismo-inovacao","tag-inovacao","tag-sebrae","tag-startar","tag-startup"],"_links":{"self":[{"href":"https:\/\/aginova.ufms.br\/en\/wp-json\/wp\/v2\/posts\/1601","targetHints":{"allow":["GET"]}}],"collection":[{"href":"https:\/\/aginova.ufms.br\/en\/wp-json\/wp\/v2\/posts"}],"about":[{"href":"https:\/\/aginova.ufms.br\/en\/wp-json\/wp\/v2\/types\/post"}],"author":[{"embeddable":true,"href":"https:\/\/aginova.ufms.br\/en\/wp-json\/wp\/v2\/users\/4173"}],"replies":[{"embeddable":true,"href":"https:\/\/aginova.ufms.br\/en\/wp-json\/wp\/v2\/comments?post=1601"}],"version-history":[{"count":4,"href":"https:\/\/aginova.ufms.br\/en\/wp-json\/wp\/v2\/posts\/1601\/revisions"}],"predecessor-version":[{"id":1605,"href":"https:\/\/aginova.ufms.br\/en\/wp-json\/wp\/v2\/posts\/1601\/revisions\/1605"}],"wp:attachment":[{"href":"https:\/\/aginova.ufms.br\/en\/wp-json\/wp\/v2\/media?parent=1601"}],"wp:term":[{"taxonomy":"category","embeddable":true,"href":"https:\/\/aginova.ufms.br\/en\/wp-json\/wp\/v2\/categories?post=1601"},{"taxonomy":"post_tag","embeddable":true,"href":"https:\/\/aginova.ufms.br\/en\/wp-json\/wp\/v2\/tags?post=1601"},{"taxonomy":"author","embeddable":true,"href":"https:\/\/aginova.ufms.br\/en\/wp-json\/wp\/v2\/coauthors?post=1601"}],"curies":[{"name":"wp","href":"https:\/\/api.w.org\/{rel}","templated":true}]}}