{"id":1607,"date":"2015-09-06T12:47:38","date_gmt":"2015-09-06T16:47:38","guid":{"rendered":"http:\/\/inovacao.bellatrix.ufms.br\/?p=1607"},"modified":"2022-07-22T13:50:56","modified_gmt":"2022-07-22T17:50:56","slug":"embrapii-divulga-novas-chamadas-publicas","status":"publish","type":"post","link":"https:\/\/aginova.ufms.br\/en\/embrapii-divulga-novas-chamadas-publicas\/","title":{"rendered":"Embrapii divulga novas chamadas p\u00fablicas"},"content":{"rendered":"<h2><img decoding=\"async\" class=\" size-full wp-image-1821 aligncenter ml-lightbox-enabled\" src=\"http:\/\/inovacao.bellatrix.ufms.br\/files\/2015\/09\/logo.png\" alt=\"logo\" width=\"329\" height=\"131\" srcset=\"https:\/\/aginova.ufms.br\/files\/2015\/09\/logo.png 329w, https:\/\/aginova.ufms.br\/files\/2015\/09\/logo-300x119.png 300w\" sizes=\"(max-width: 329px) 100vw, 329px\" \/><\/h2>\n<div>\n<p>A Empresa Brasileira de Pesquisa e Inova\u00e7\u00e3o Industrial (Embrapii) iniciou no dia 2 de setembro\u00a0reuni\u00f5es presenciais com entidades ligadas \u00e0 pesquisa e inova\u00e7\u00e3o para apresentar as duas chamadas p\u00fablicas que est\u00e3o em andamento para credenciar sete novas Unidades Embrapii.\u00a0As reuni\u00f5es ocorreram\u00a0no Rio de Janeiro\u00a0e\u00a0no Rio Grande do Sul (02\/09), em\u00a0Santa Catarina (03\/09), e\u00a0na Bahia (04\/09). No dia 8, a reuni\u00e3o ser\u00e1 em Pernambuco.<\/p>\n<p>As reuni\u00f5es possuem como objetivo divulgar as chamadas p\u00fablicas para as novas unidades Embrapii, e\u00a0tamb\u00e9m tirar d\u00favidas dos potenciais interessados em como se inscrever na sele\u00e7\u00e3o e os principais crit\u00e9rios para participa\u00e7\u00e3o. Duas chamadas ser\u00e3o realizadas:<\/p>\n<p>&#8211; Chamada 01\/2015: sele\u00e7\u00e3o e credenciamento de at\u00e9 duas Unidades nas seguintes \u00e1reas: biodispositivos e biosensores; bioengenharia e implantes; biomateriais; biologia sint\u00e9tica; biotecnologia ambiental; bioqu\u00edmica de renov\u00e1veis; e biof\u00e1rmacos e farmoqu\u00edmicos.<\/p>\n<p>&#8211; \u00a0Chamada 02\/2015: sele\u00e7\u00e3o de at\u00e9 cinco Unidades em qualquer \u00e1rea tecnol\u00f3gica.<\/p>\n<p>Para participar do processo, os interessados dever\u00e3o preparar um Plano de A\u00e7\u00e3o, que ser\u00e1 avaliado por uma banca de consultores selecionados pela Embrapii, al\u00e9m de realizarem visitas t\u00e9cnicas. A previs\u00e3o \u00e9 que o resultado final da Chamada 01 seja divulgado no final de dezembro deste ano e a Chamada 02, por ser uma sele\u00e7\u00e3o mais ampla, no fim de fevereiro de 2016.<\/p>\n<p>Para\u00a0informa\u00e7\u00f5es e documentos necess\u00e1rios para participar <a href=\"http:\/\/www.anpei.org.br\/web\/anpei\/noticias\/-\/anpei\/view\/news?id=4066\">acesse o site da ANPEI<\/a>\u00a0ou diretamente pelo <a href=\"http:\/\/embrapii.org.br\/embrapii-inicia-divulgacao-das-chamadas-publicas-pelo-brasil\/\">site da Embrapii.<\/a><\/p>\n<p>&nbsp;<\/p>\n<\/div>\n","protected":false},"excerpt":{"rendered":"<p>A Empresa Brasileira de Pesquisa e Inova\u00e7\u00e3o Industrial (Embrapii) iniciou no dia 2 de setembro\u00a0reuni\u00f5es presenciais com entidades ligadas \u00e0 pesquisa e inova\u00e7\u00e3o para apresentar as duas chamadas p\u00fablicas que est\u00e3o em andamento para credenciar sete novas Unidades Embrapii.\u00a0As reuni\u00f5es ocorreram\u00a0no Rio de Janeiro\u00a0e\u00a0no Rio Grande do Sul (02\/09), em\u00a0Santa Catarina (03\/09), e\u00a0na Bahia (04\/09). [&hellip;]<\/p>\n","protected":false},"author":4173,"featured_media":0,"comment_status":"closed","ping_status":"open","sticky":false,"template":"","format":"standard","meta":{"ngg_post_thumbnail":0,"footnotes":""},"categories":[203],"tags":[],"coauthors":[],"class_list":["post-1607","post","type-post","status-publish","format-standard","hentry","category-noticias-empreendedorismo-inovacao"],"_links":{"self":[{"href":"https:\/\/aginova.ufms.br\/en\/wp-json\/wp\/v2\/posts\/1607","targetHints":{"allow":["GET"]}}],"collection":[{"href":"https:\/\/aginova.ufms.br\/en\/wp-json\/wp\/v2\/posts"}],"about":[{"href":"https:\/\/aginova.ufms.br\/en\/wp-json\/wp\/v2\/types\/post"}],"author":[{"embeddable":true,"href":"https:\/\/aginova.ufms.br\/en\/wp-json\/wp\/v2\/users\/4173"}],"replies":[{"embeddable":true,"href":"https:\/\/aginova.ufms.br\/en\/wp-json\/wp\/v2\/comments?post=1607"}],"version-history":[{"count":3,"href":"https:\/\/aginova.ufms.br\/en\/wp-json\/wp\/v2\/posts\/1607\/revisions"}],"predecessor-version":[{"id":1822,"href":"https:\/\/aginova.ufms.br\/en\/wp-json\/wp\/v2\/posts\/1607\/revisions\/1822"}],"wp:attachment":[{"href":"https:\/\/aginova.ufms.br\/en\/wp-json\/wp\/v2\/media?parent=1607"}],"wp:term":[{"taxonomy":"category","embeddable":true,"href":"https:\/\/aginova.ufms.br\/en\/wp-json\/wp\/v2\/categories?post=1607"},{"taxonomy":"post_tag","embeddable":true,"href":"https:\/\/aginova.ufms.br\/en\/wp-json\/wp\/v2\/tags?post=1607"},{"taxonomy":"author","embeddable":true,"href":"https:\/\/aginova.ufms.br\/en\/wp-json\/wp\/v2\/coauthors?post=1607"}],"curies":[{"name":"wp","href":"https:\/\/api.w.org\/{rel}","templated":true}]}}