{"id":16144,"date":"2025-06-25T09:27:11","date_gmt":"2025-06-25T13:27:11","guid":{"rendered":"https:\/\/aginova.ufms.br\/?p=16144"},"modified":"2025-08-01T10:16:53","modified_gmt":"2025-08-01T14:16:53","slug":"novo-hub-de-inovacao-reune-as-varias-rentes-para-impulsionar-iniciativas-empreendedoras-na-ufms","status":"publish","type":"post","link":"https:\/\/aginova.ufms.br\/en\/novo-hub-de-inovacao-reune-as-varias-rentes-para-impulsionar-iniciativas-empreendedoras-na-ufms\/","title":{"rendered":"(Portugu\u00eas do Brasil) Novo Hub de inova\u00e7\u00e3o re\u00fane as v\u00e1rias frentes para impulsionar iniciativas empreendedoras na UFMS"},"content":{"rendered":"\t\t<div data-elementor-type=\"wp-post\" data-elementor-id=\"16144\" class=\"elementor elementor-16144\">\n\t\t\t\t<div class=\"elementor-element elementor-element-0d1f346 e-con-full e-flex e-con e-parent\" data-id=\"0d1f346\" data-element_type=\"container\">\n\t\t\t\t<div class=\"elementor-element elementor-element-d79292f elementor-widget__width-initial elementor-widget elementor-widget-text-editor\" data-id=\"d79292f\" data-element_type=\"widget\" data-widget_type=\"text-editor.default\">\n\t\t\t\t<div class=\"elementor-widget-container\">\n\t\t\t\t\t\t\t\t\t<p style=\"text-align: justify\"><span style=\"font-size: 16px;font-family: georgia, palatino, serif\">A partir do dia 10 de junho de 2025, as v\u00e1rias frentes de inova\u00e7\u00e3o e empreendedorismo da UFMS passaram a constituir a Pantanal Inova\u00e7\u00e3o e Modelagem Empreendedora (Pime). Vinculado a Ag\u00eancia de Inova\u00e7\u00e3o (Aginova), o Hub de Inova\u00e7\u00e3o tem como objetivo expandir, fortalecer e integrar as empresas incubadas, <em>startups<\/em>,&nbsp;<em>spinoffs<\/em>&nbsp;e times Enactus da Cidade Universit\u00e1ria e dos c\u00e2mpus. O lan\u00e7amento foi realizado na Sala de Atos da Reitoria e reuniu pr\u00f3-reitores, diretores da Administra\u00e7\u00e3o Central e Setorial, parceiros, servidores e estudantes.<\/span><\/p>\n<p style=\"text-align: justify\"><a href=\"https:\/\/www.ufms.br\/wp-content\/uploads\/2025\/06\/10-06-Lancamento-Hub-de-Inovacao-29-2048x1536.jpg\" data-fancybox=\"gallery\" data-src=\"https:\/\/www.ufms.br\/wp-content\/uploads\/2025\/06\/10-06-Lancamento-Hub-de-Inovacao-29-2048x1536.jpg\"><img fetchpriority=\"high\" decoding=\"async\" class=\"size-medium wp-image-120138 alignright\" src=\"https:\/\/www.ufms.br\/wp-content\/uploads\/2025\/06\/10-06-Lancamento-Hub-de-Inovacao-29-300x225.jpg\" alt=\"\" width=\"300\" height=\"225\"><\/a><span style=\"font-size: 16px;font-family: georgia, palatino, serif\">Para a reitora Camila \u00cdtavo, a inova\u00e7\u00e3o deve ser estimulada e pode ser aplicada em todos os setores, inclusive na educa\u00e7\u00e3o p\u00fablica. \u201cEstamos pensando no avan\u00e7o coletivo, em rede. Hoje temos um ambiente de inova\u00e7\u00e3o em todos os munic\u00edpios nos quais estamos presentes. Tamb\u00e9m precisa inovar e empreender na educa\u00e7\u00e3o, a gente tem possibilidade e oportunidade em todas as \u00e1reas. A intelig\u00eancia artificial est\u00e1 a\u00ed, a conex\u00e3o com empresas est\u00e1 a\u00ed, ent\u00e3o a gente vai precisar formar de uma maneira diferente e fazer ci\u00eancia tamb\u00e9m de uma maneira cada vez mais inovadora\u201d, ressaltou.<\/span><\/p>\n<p style=\"text-align: justify\"><span style=\"font-size: 16px;font-family: georgia, palatino, serif\">O vice-reitor Albert Schiaveto agradeceu a todos os parceiros, em especial o Governo do Estado, a Secretaria de Meio Ambiente, Desenvolvimento, Ci\u00eancia, Tecnologia e Inova\u00e7\u00e3o (Semadesc), a Funda\u00e7\u00e3o de Apoio ao Desenvolvimento do Ensino, Ci\u00eancia e Tecnologia do Estado de Mato Grosso do Sul (Fundect) e ao Sebrae. \u201cParabenizo tamb\u00e9m a Aginova, trabalhar com pr\u00e9-incuba\u00e7\u00e3o e p\u00f3s-incuba\u00e7\u00e3o \u00e9 um sonho, \u00e9 um sinal de maturidade da nossa Ag\u00eancia de Inova\u00e7\u00e3o\u201d.<\/span><\/p>\n<p style=\"text-align: justify\"><a href=\"https:\/\/www.ufms.br\/wp-content\/uploads\/2025\/06\/IMG_5880-2048x1152.jpg\" data-fancybox=\"gallery\" data-src=\"https:\/\/www.ufms.br\/wp-content\/uploads\/2025\/06\/IMG_5880-2048x1152.jpg\"><img decoding=\"async\" class=\"size-medium wp-image-120146 alignleft\" src=\"https:\/\/www.ufms.br\/wp-content\/uploads\/2025\/06\/IMG_5880-300x169.jpg\" alt=\"\" width=\"300\" height=\"169\"><\/a><span style=\"font-size: 16px;font-family: georgia, palatino, serif\">\u201cA UFMS iniciou o fomento ao empreendedorismo por meio da Pantanal Incubadora Mista de Empresas. Identificando essa necessidade de trabalhar outras frentes, para al\u00e9m da incuba\u00e7\u00e3o, a gente optou por trabalhar agora com o conceito expandido de hub, abrangendo todas as fases, antes da incuba\u00e7\u00e3o, como idea\u00e7\u00e3o e pr\u00e9-incuba\u00e7\u00e3o, mas tamb\u00e9m os est\u00e1gios p\u00f3s-incuba\u00e7\u00e3o, como acelera\u00e7\u00e3o, escala e consolida\u00e7\u00e3o. Conectada a essa trilha de desenvolvimento da inova\u00e7\u00e3o, temos tamb\u00e9m toda a forma\u00e7\u00e3o da cultura empreendedora\u201d, disse o diretor da Aginova, Saulo Moreira.<\/span><\/p>\n<p style=\"text-align: justify\"><span style=\"font-size: 16px;font-family: georgia, palatino, serif\">De acordo com o diretor, os diversos parceiros institucionais s\u00e3o importantes para ajudar as voca\u00e7\u00f5es e potencialidades econ\u00f4micas dos hubs em cada um dos c\u00e2mpus. \u201cOs parceiros nos ajudam a nos conectar com os ecossistemas locais de inova\u00e7\u00e3o, superando os desafios e conseguindo desenvolver o potencial de cada hub local, integrado no hub Pime\u201d, acrescentou. Segundo o diretor da Aginova, na Universidade, h\u00e1 v\u00e1rias linhas de empreendedorismo, permitindo que os estudantes e servidores possam optar por uma delas e desenvolver neg\u00f3cios tradicionais ou inovadores, observando a sua voca\u00e7\u00e3o. Os empreendedores poder\u00e3o participar via editais, optando pelos segmentos e identificado neles as melhores oportunidades para integrar o hub Pime.<\/span><\/p>\n<p style=\"text-align: justify\"><a href=\"https:\/\/www.ufms.br\/wp-content\/uploads\/2025\/06\/10-06-Lancamento-Hub-de-Inovacao-11-2048x1536.jpg\" data-fancybox=\"gallery\" data-src=\"https:\/\/www.ufms.br\/wp-content\/uploads\/2025\/06\/10-06-Lancamento-Hub-de-Inovacao-11-2048x1536.jpg\"><img decoding=\"async\" class=\"size-medium wp-image-120139 alignleft\" src=\"https:\/\/www.ufms.br\/wp-content\/uploads\/2025\/06\/10-06-Lancamento-Hub-de-Inovacao-11-300x225.jpg\" alt=\"\" width=\"300\" height=\"225\"><\/a><span style=\"font-size: 16px;font-family: georgia, palatino, serif\">\u201cViemos trabalhando no est\u00edmulo a pol\u00edtica de inova\u00e7\u00e3o em todo o Estado. Essa vem sendo a t\u00f4nica do governador Eduardo Riedel. Temos editais de inova\u00e7\u00e3o e, hoje, estamos aqui comemorando esse que \u00e9 um resultado importante para que possamos dar passos mais largos e desenvolvamos os nossos ambientes inovadores\u201d, destacou a coordenadora de inova\u00e7\u00e3o, pesquisa e desenvolvimento da Semadesc, Alini Filiu.<\/span><\/p>\n<p style=\"text-align: justify\"><span style=\"font-size: 16px;font-family: georgia, palatino, serif\">Para a gerente da Diretoria Administrativa da Fundect, Cl\u00e1udia Rocha, as parcerias s\u00e3o fundamentais para o incentivo ao empreendedorismo no Estado. \u201c\u00c9 extremamente importante que a gente consiga trabalhar essa articula\u00e7\u00e3o entre a subven\u00e7\u00e3o econ\u00f4mica e a cria\u00e7\u00e3o de espa\u00e7os que favore\u00e7am a gest\u00e3o das ideias, a matura\u00e7\u00e3o dessas ideias e, de fato, servir \u00e0 nossa miss\u00e3o maior, que \u00e9 o desenvolvimento regional, o desenvolvimento do Estado de Mato Grosso do Sul e do Brasil\u201d, destacou.<\/span><\/p>\n<p style=\"text-align: justify\"><span style=\"font-size: 16px;font-family: georgia, palatino, serif\">A diretora do C\u00e2mpus da UFMS de Tr\u00eas Lagoas, Larissa Barcelos, contou que h\u00e1 uma variedade de cursos atuando no hub do CPTL, entre eles Administra\u00e7\u00e3o, Ci\u00eancias Cont\u00e1beis, Direito, Sistemas de Informa\u00e7\u00e3o, Letras, Ci\u00eancias Biol\u00f3gicas, al\u00e9m de todas as empresas j\u00faniores. \u201cAp\u00f3s a inaugura\u00e7\u00e3o do nosso hub, inaugurado em outubro de 2024, observamos que h\u00e1 maior engajamento da comunidade universit\u00e1ria e comunidade externa. H\u00e1 um grande interesse de todos pelo nosso espa\u00e7o de inova\u00e7\u00e3o e empreendedorismo. O hub tem despertado nos nossos estudantes estrat\u00e9gias de conhecimento e de pensamento para o mercado de trabalho que antes eles n\u00e3o tinham\u201d, afirmou.<\/span><\/p>\n<p><strong><a href=\"https:\/\/www.ufms.br\/wp-content\/uploads\/2025\/06\/10-06-Lancamento-Hub-de-Inovacao-44-2048x1536.jpg\" data-fancybox=\"gallery\" data-src=\"https:\/\/www.ufms.br\/wp-content\/uploads\/2025\/06\/10-06-Lancamento-Hub-de-Inovacao-44-2048x1536.jpg\"><img loading=\"lazy\" decoding=\"async\" class=\"size-medium wp-image-120136 alignright\" src=\"https:\/\/www.ufms.br\/wp-content\/uploads\/2025\/06\/10-06-Lancamento-Hub-de-Inovacao-44-300x225.jpg\" alt=\"\" width=\"300\" height=\"225\"><\/a><span style=\"font-size: 16px;font-family: georgia, palatino, serif\">Gradua\u00e7\u00e3o<\/span><\/strong><\/p>\n<p style=\"text-align: justify\"><span style=\"font-size: 16px;font-family: georgia, palatino, serif\">Ap\u00f3s o lan\u00e7amento do Hub de Inova\u00e7\u00e3o, foi graduada uma das empresas incubadas, a&nbsp;<em>startup<\/em>&nbsp;Damine. \u201cTemos um grande potencial com pesquisadores, estudantes e egressos com ideias e projetos em diversas \u00e1reas que podem transformar a sociedade e n\u00e3o podemos abrir m\u00e3o disso\u201d, disse o diretor da Aginova. \u201cEspero que nosso programa tenha auxiliado na matura\u00e7\u00e3o da empresa e na implementa\u00e7\u00e3o dos projetos da Damine\u201d, complementou.<\/span><\/p>\n<p style=\"text-align: justify\"><a href=\"https:\/\/www.ufms.br\/wp-content\/uploads\/2025\/06\/10-06-Lancamento-Hub-de-Inovacao-53-2048x1536.jpg\" data-fancybox=\"gallery\" data-src=\"https:\/\/www.ufms.br\/wp-content\/uploads\/2025\/06\/10-06-Lancamento-Hub-de-Inovacao-53-2048x1536.jpg\"><img loading=\"lazy\" decoding=\"async\" class=\"size-medium wp-image-120137 alignleft\" src=\"https:\/\/www.ufms.br\/wp-content\/uploads\/2025\/06\/10-06-Lancamento-Hub-de-Inovacao-53-300x225.jpg\" alt=\"\" width=\"300\" height=\"225\"><\/a><span style=\"font-size: 16px;font-family: georgia, palatino, serif\">\u201c\u00c9 importante agradecer por esse momento. Temos produtos altamente competitivos entrando no mercado e para isso contamos com dois pilares fundamentais: a qualidade dos nossos pesquisadores e o apoio institucional. Usar o nome da UFMS tem sido importante para a empresa e foi decisivo para chegar at\u00e9 aqui. Agrade\u00e7o a toda a equipe da Aginova que nos d\u00e3o todo o apoio para que possamos trabalhar com tranquilidade\u201d, comentou o professor da Faculdade de Engenharias, Arquitetura e Urbanismo e um dos idealizadores da Damine, Edson Batista.<\/span><\/p>\n<p style=\"text-align: justify\"><span style=\"font-size: 16px;font-family: georgia, palatino, serif\">\u201cTer o apoio da Institui\u00e7\u00e3o \u00e9 fundamental. Conseguimos agregar valor a nossa entrega, abre portas, fortalece e nos d\u00e1 confian\u00e7a. Agrade\u00e7o a todos da Universidade que tem nos ajudado a desenvolver tecnologias para levar ao mercado, transformar a pesquisa em produto. Isso n\u00e3o tem pre\u00e7o\u201d, acrescentou o respons\u00e1vel pela Damine, Jader Lucas.<\/span><\/p>\n<p style=\"text-align: left\"><span style=\"font-size: 16px;font-family: georgia, palatino, serif\"><strong>Encontro Aginova Conecta<\/strong><\/span><\/p>\n<p style=\"text-align: justify\"><span style=\"font-size: 16px;font-family: georgia, palatino, serif\">Ap\u00f3s o lan\u00e7amento do hub Pime e da gradua\u00e7\u00e3o da Damine, foi dada sequ\u00eancia a programa\u00e7\u00e3o do encontro Aginova Conecta 2025, com a apresenta\u00e7\u00e3o das iniciativas do programa Inova + UFMS, com foco na estrutura\u00e7\u00e3o e alinhamento das a\u00e7\u00f5es de inova\u00e7\u00e3o na Universidade e dos hubs de inova\u00e7\u00e3o dos c\u00e2mpus, terminando com um painel sobre ecossistemas locais de inova\u00e7\u00e3o pelo Sebrae-MS e outro sobre mecanismos de inventivo e fomento \u00e0 inova\u00e7\u00e3o em MS.<\/span><\/p>\n<p style=\"text-align: justify\"><span style=\"font-size: 16px;font-family: georgia, palatino, serif\">No per\u00edodo da tarde, a programa\u00e7\u00e3o teve debates sobre os temas: promo\u00e7\u00e3o da cultura empreendedora na UFMS; trilha de desenvolvimento da inova\u00e7\u00e3o; parcerias, projetos estrat\u00e9gicos e atua\u00e7\u00e3o de servidores em atividades de inova\u00e7\u00e3o; propriedade intelectual e transfer\u00eancia de tecnologia; e discuss\u00e3o e planejamento dos pr\u00f3ximos passos na estrutura\u00e7\u00e3o dos hubs UFMS.<\/span><\/p>\t\t\t\t\t\t\t\t<\/div>\n\t\t\t\t<\/div>\n\t\t\t\t<\/div>\n\t\t<div class=\"elementor-element elementor-element-f442fed e-flex e-con-boxed e-con e-parent\" data-id=\"f442fed\" data-element_type=\"container\">\n\t\t\t\t\t<div class=\"e-con-inner\">\n\t\t\t\t<div class=\"elementor-element elementor-element-1e01610 elementor-arrows-position-inside elementor-pagination-position-outside elementor-widget elementor-widget-image-carousel\" data-id=\"1e01610\" data-element_type=\"widget\" data-settings=\"{&quot;navigation&quot;:&quot;both&quot;,&quot;autoplay&quot;:&quot;yes&quot;,&quot;pause_on_hover&quot;:&quot;yes&quot;,&quot;pause_on_interaction&quot;:&quot;yes&quot;,&quot;autoplay_speed&quot;:5000,&quot;infinite&quot;:&quot;yes&quot;,&quot;speed&quot;:500}\" data-widget_type=\"image-carousel.default\">\n\t\t\t\t<div class=\"elementor-widget-container\">\n\t\t\t\t\t\t\t<div class=\"elementor-image-carousel-wrapper swiper\" role=\"region\" aria-roledescription=\"carousel\" aria-label=\"Carrossel de imagens\" dir=\"ltr\">\n\t\t\t<div class=\"elementor-image-carousel swiper-wrapper\" aria-live=\"off\">\n\t\t\t\t\t\t\t\t<div class=\"swiper-slide\" role=\"group\" aria-roledescription=\"slide\" aria-label=\"1 de 7\"><figure class=\"swiper-slide-inner\"><img decoding=\"async\" class=\"swiper-slide-image ml-lightbox-enabled\" src=\"https:\/\/aginova.ufms.br\/files\/2025\/06\/imagem-destacada-150x150.jpg\" alt=\"\" \/><\/figure><\/div><div class=\"swiper-slide\" role=\"group\" aria-roledescription=\"slide\" aria-label=\"2 de 7\"><figure class=\"swiper-slide-inner\"><img decoding=\"async\" class=\"swiper-slide-image ml-lightbox-enabled\" src=\"https:\/\/aginova.ufms.br\/files\/2025\/06\/IMG_5939-768x432-1-150x150.jpg\" alt=\"\" \/><\/figure><\/div><div class=\"swiper-slide\" role=\"group\" aria-roledescription=\"slide\" aria-label=\"3 de 7\"><figure class=\"swiper-slide-inner\"><img decoding=\"async\" class=\"swiper-slide-image ml-lightbox-enabled\" src=\"https:\/\/aginova.ufms.br\/files\/2025\/06\/IMG_5947-768x432-1-150x150.jpg\" alt=\"\" \/><\/figure><\/div><div class=\"swiper-slide\" role=\"group\" aria-roledescription=\"slide\" aria-label=\"4 de 7\"><figure class=\"swiper-slide-inner\"><img decoding=\"async\" class=\"swiper-slide-image ml-lightbox-enabled\" src=\"https:\/\/aginova.ufms.br\/files\/2025\/06\/IMG_5988-768x432-1-150x150.jpg\" alt=\"\" \/><\/figure><\/div><div class=\"swiper-slide\" role=\"group\" aria-roledescription=\"slide\" aria-label=\"5 de 7\"><figure class=\"swiper-slide-inner\"><img decoding=\"async\" class=\"swiper-slide-image ml-lightbox-enabled\" src=\"https:\/\/aginova.ufms.br\/files\/2025\/06\/IMG_6001-768x432-1-150x150.jpg\" alt=\"\" \/><\/figure><\/div><div class=\"swiper-slide\" role=\"group\" aria-roledescription=\"slide\" aria-label=\"6 de 7\"><figure class=\"swiper-slide-inner\"><img decoding=\"async\" class=\"swiper-slide-image ml-lightbox-enabled\" src=\"https:\/\/aginova.ufms.br\/files\/2025\/06\/10-06-Lancamento-Hub-de-Inovacao-2-768x576-1-150x150.jpg\" alt=\"\" \/><\/figure><\/div><div class=\"swiper-slide\" role=\"group\" aria-roledescription=\"slide\" aria-label=\"7 de 7\"><figure class=\"swiper-slide-inner\"><img decoding=\"async\" class=\"swiper-slide-image ml-lightbox-enabled\" src=\"https:\/\/aginova.ufms.br\/files\/2025\/06\/10-06-Lancamento-Hub-de-Inovacao-38-768x576-1-150x150.jpg\" alt=\"\" \/><\/figure><\/div>\t\t\t<\/div>\n\t\t\t\t\t\t\t\t\t\t\t\t<div class=\"elementor-swiper-button elementor-swiper-button-prev\" role=\"button\" tabindex=\"0\">\n\t\t\t\t\t\t<svg aria-hidden=\"true\" class=\"e-font-icon-svg e-eicon-chevron-left\" viewBox=\"0 0 1000 1000\" xmlns=\"http:\/\/www.w3.org\/2000\/svg\"><path d=\"M646 125C629 125 613 133 604 142L308 442C296 454 292 471 292 487 292 504 296 521 308 533L604 854C617 867 629 875 646 875 663 875 679 871 692 858 704 846 713 829 713 812 713 796 708 779 692 767L438 487 692 225C700 217 708 204 708 187 708 171 704 154 692 142 675 129 663 125 646 125Z\"><\/path><\/svg>\t\t\t\t\t<\/div>\n\t\t\t\t\t<div class=\"elementor-swiper-button elementor-swiper-button-next\" role=\"button\" tabindex=\"0\">\n\t\t\t\t\t\t<svg aria-hidden=\"true\" class=\"e-font-icon-svg e-eicon-chevron-right\" viewBox=\"0 0 1000 1000\" xmlns=\"http:\/\/www.w3.org\/2000\/svg\"><path d=\"M696 533C708 521 713 504 713 487 713 471 708 454 696 446L400 146C388 133 375 125 354 125 338 125 325 129 313 142 300 154 292 171 292 187 292 204 296 221 308 233L563 492 304 771C292 783 288 800 288 817 288 833 296 850 308 863 321 871 338 875 354 875 371 875 388 867 400 854L696 533Z\"><\/path><\/svg>\t\t\t\t\t<\/div>\n\t\t\t\t\n\t\t\t\t\t\t\t\t\t<div class=\"swiper-pagination\"><\/div>\n\t\t\t\t\t\t\t\t\t<\/div>\n\t\t\t\t\t\t<\/div>\n\t\t\t\t<\/div>\n\t\t\t\t\t<\/div>\n\t\t\t\t<\/div>\n\t\t<div class=\"elementor-element elementor-element-5f793c3 e-flex e-con-boxed e-con e-parent\" data-id=\"5f793c3\" data-element_type=\"container\">\n\t\t\t\t\t<div class=\"e-con-inner\">\n\t\t\t\t<div class=\"elementor-element elementor-element-1376f4f elementor-widget elementor-widget-text-editor\" data-id=\"1376f4f\" data-element_type=\"widget\" data-widget_type=\"text-editor.default\">\n\t\t\t\t<div class=\"elementor-widget-container\">\n\t\t\t\t\t\t\t\t\t<p><em>Texto: Vanessa Amin e Mylena Rocha<\/em><\/p><p><em>Fotos: Thalia Zort\u00e9a e Al\u00edria Aristides<\/em><\/p>\t\t\t\t\t\t\t\t<\/div>\n\t\t\t\t<\/div>\n\t\t\t\t\t<\/div>\n\t\t\t\t<\/div>\n\t\t\t\t<\/div>\n\t\t","protected":false},"excerpt":{"rendered":"<p>A partir do dia 10 de junho de 2025, as v\u00e1rias frentes de inova\u00e7\u00e3o e empreendedorismo da UFMS passaram a constituir a Pantanal Inova\u00e7\u00e3o e Modelagem Empreendedora (Pime). Vinculado a Ag\u00eancia de Inova\u00e7\u00e3o (Aginova), o Hub de Inova\u00e7\u00e3o tem como objetivo expandir, fortalecer e integrar as empresas incubadas, startups,&nbsp;spinoffs&nbsp;e times Enactus da Cidade Universit\u00e1ria e [&hellip;]<\/p>\n","protected":false},"author":35804,"featured_media":0,"comment_status":"closed","ping_status":"closed","sticky":false,"template":"","format":"standard","meta":{"ngg_post_thumbnail":0,"footnotes":""},"categories":[102],"tags":[],"coauthors":[270],"class_list":["post-16144","post","type-post","status-publish","format-standard","hentry","category-noticias"],"_links":{"self":[{"href":"https:\/\/aginova.ufms.br\/en\/wp-json\/wp\/v2\/posts\/16144","targetHints":{"allow":["GET"]}}],"collection":[{"href":"https:\/\/aginova.ufms.br\/en\/wp-json\/wp\/v2\/posts"}],"about":[{"href":"https:\/\/aginova.ufms.br\/en\/wp-json\/wp\/v2\/types\/post"}],"author":[{"embeddable":true,"href":"https:\/\/aginova.ufms.br\/en\/wp-json\/wp\/v2\/users\/35804"}],"replies":[{"embeddable":true,"href":"https:\/\/aginova.ufms.br\/en\/wp-json\/wp\/v2\/comments?post=16144"}],"version-history":[{"count":54,"href":"https:\/\/aginova.ufms.br\/en\/wp-json\/wp\/v2\/posts\/16144\/revisions"}],"predecessor-version":[{"id":16259,"href":"https:\/\/aginova.ufms.br\/en\/wp-json\/wp\/v2\/posts\/16144\/revisions\/16259"}],"wp:attachment":[{"href":"https:\/\/aginova.ufms.br\/en\/wp-json\/wp\/v2\/media?parent=16144"}],"wp:term":[{"taxonomy":"category","embeddable":true,"href":"https:\/\/aginova.ufms.br\/en\/wp-json\/wp\/v2\/categories?post=16144"},{"taxonomy":"post_tag","embeddable":true,"href":"https:\/\/aginova.ufms.br\/en\/wp-json\/wp\/v2\/tags?post=16144"},{"taxonomy":"author","embeddable":true,"href":"https:\/\/aginova.ufms.br\/en\/wp-json\/wp\/v2\/coauthors?post=16144"}],"curies":[{"name":"wp","href":"https:\/\/api.w.org\/{rel}","templated":true}]}}