{"id":1617,"date":"2015-06-08T10:51:51","date_gmt":"2015-06-08T14:51:51","guid":{"rendered":"http:\/\/inovacao.bellatrix.ufms.br\/?p=1617"},"modified":"2022-07-22T13:51:25","modified_gmt":"2022-07-22T17:51:25","slug":"abertas-as-inscricoes-de-visitantes-para-a-primeira-feira-de-solucoes-inovadoras","status":"publish","type":"post","link":"https:\/\/aginova.ufms.br\/en\/abertas-as-inscricoes-de-visitantes-para-a-primeira-feira-de-solucoes-inovadoras\/","title":{"rendered":"Abertas as inscri\u00e7\u00f5es de visitantes para a Primeira Feira de Solu\u00e7\u00f5es Inovadoras"},"content":{"rendered":"<p>Est\u00e3o abertas as inscri\u00e7\u00f5es para visitantes da Primeira Feira de Solu\u00e7\u00f5es Inovadoras. O evento ser\u00e1 realizado no dia 11\/06 no Complexo Multiuso (em frente ao Restaurante Universit\u00e1rio).<\/p>\n<p><strong><a href=\"http:\/\/goo.gl\/forms\/2y3YC4v5DY\">Clique aqui para realizar sua inscri\u00e7\u00e3o de visitante.<\/a><\/strong><\/p>\n<p>A feira tamb\u00e9m conta com atividade cultural, palestra e outras atividades. Veja a programa\u00e7\u00e3o do evento abaixo:<\/p>\n<p>&nbsp;<\/p>\n<p><img fetchpriority=\"high\" decoding=\"async\" class=\"alignleft  wp-image-1637 ml-lightbox-enabled\" src=\"http:\/\/inovacao.bellatrix.ufms.br\/files\/2015\/06\/PROGRAM-ED-716x1024.png\" alt=\"PROGRAM ED\" width=\"523\" height=\"748\" srcset=\"https:\/\/aginova.ufms.br\/files\/2015\/06\/PROGRAM-ED-716x1024.png 716w, https:\/\/aginova.ufms.br\/files\/2015\/06\/PROGRAM-ED-210x300.png 210w, https:\/\/aginova.ufms.br\/files\/2015\/06\/PROGRAM-ED.png 1200w\" sizes=\"(max-width: 523px) 100vw, 523px\" \/><\/p>\n<p>&nbsp;<\/p>\n<p>&nbsp;<\/p>\n<p>&nbsp;<\/p>\n","protected":false},"excerpt":{"rendered":"<p>Est\u00e3o abertas as inscri\u00e7\u00f5es para visitantes da Primeira Feira de Solu\u00e7\u00f5es Inovadoras. O evento ser\u00e1 realizado no dia 11\/06 no Complexo Multiuso (em frente ao Restaurante Universit\u00e1rio). Clique aqui para realizar sua inscri\u00e7\u00e3o de visitante. A feira tamb\u00e9m conta com atividade cultural, palestra e outras atividades. Veja a programa\u00e7\u00e3o do evento abaixo: &nbsp; &nbsp; &nbsp; [&hellip;]<\/p>\n","protected":false},"author":4173,"featured_media":0,"comment_status":"closed","ping_status":"open","sticky":false,"template":"","format":"standard","meta":{"ngg_post_thumbnail":0,"footnotes":""},"categories":[203],"tags":[56,6,38],"coauthors":[],"class_list":["post-1617","post","type-post","status-publish","format-standard","hentry","category-noticias-empreendedorismo-inovacao","tag-feira-de-solucoes-inovadoras","tag-inovacao","tag-ufms"],"_links":{"self":[{"href":"https:\/\/aginova.ufms.br\/en\/wp-json\/wp\/v2\/posts\/1617","targetHints":{"allow":["GET"]}}],"collection":[{"href":"https:\/\/aginova.ufms.br\/en\/wp-json\/wp\/v2\/posts"}],"about":[{"href":"https:\/\/aginova.ufms.br\/en\/wp-json\/wp\/v2\/types\/post"}],"author":[{"embeddable":true,"href":"https:\/\/aginova.ufms.br\/en\/wp-json\/wp\/v2\/users\/4173"}],"replies":[{"embeddable":true,"href":"https:\/\/aginova.ufms.br\/en\/wp-json\/wp\/v2\/comments?post=1617"}],"version-history":[{"count":5,"href":"https:\/\/aginova.ufms.br\/en\/wp-json\/wp\/v2\/posts\/1617\/revisions"}],"predecessor-version":[{"id":1636,"href":"https:\/\/aginova.ufms.br\/en\/wp-json\/wp\/v2\/posts\/1617\/revisions\/1636"}],"wp:attachment":[{"href":"https:\/\/aginova.ufms.br\/en\/wp-json\/wp\/v2\/media?parent=1617"}],"wp:term":[{"taxonomy":"category","embeddable":true,"href":"https:\/\/aginova.ufms.br\/en\/wp-json\/wp\/v2\/categories?post=1617"},{"taxonomy":"post_tag","embeddable":true,"href":"https:\/\/aginova.ufms.br\/en\/wp-json\/wp\/v2\/tags?post=1617"},{"taxonomy":"author","embeddable":true,"href":"https:\/\/aginova.ufms.br\/en\/wp-json\/wp\/v2\/coauthors?post=1617"}],"curies":[{"name":"wp","href":"https:\/\/api.w.org\/{rel}","templated":true}]}}