{"id":16291,"date":"2025-08-04T09:13:37","date_gmt":"2025-08-04T13:13:37","guid":{"rendered":"https:\/\/aginova.ufms.br\/?p=16291"},"modified":"2025-08-04T09:42:22","modified_gmt":"2025-08-04T13:42:22","slug":"parque-tecnologico-nova-sede-para-agencia-de-inovacao-e-livraria-itinerante-sao-inaugurados","status":"publish","type":"post","link":"https:\/\/aginova.ufms.br\/en\/parque-tecnologico-nova-sede-para-agencia-de-inovacao-e-livraria-itinerante-sao-inaugurados\/","title":{"rendered":"(Portugu\u00eas do Brasil) Parque Tecnol\u00f3gico, nova sede para Ag\u00eancia de Inova\u00e7\u00e3o e Livraria Itinerante s\u00e3o inaugurados"},"content":{"rendered":"<p class=\"qtranxs-available-languages-message qtranxs-available-languages-message-en\">Sorry, this entry is only available in <a href=\"https:\/\/aginova.ufms.br\/pb\/wp-json\/wp\/v2\/posts\/16291\" class=\"qtranxs-available-language-link qtranxs-available-language-link-pb\" title=\"Portugu\u00eas do Brasil\">Portugu\u00eas do Brasil<\/a>.<\/p>","protected":false},"excerpt":{"rendered":"<p>Sorry, this entry is only available in Portugu\u00eas do Brasil.<\/p>\n","protected":false},"author":35804,"featured_media":0,"comment_status":"closed","ping_status":"closed","sticky":false,"template":"","format":"standard","meta":{"ngg_post_thumbnail":0,"footnotes":""},"categories":[102],"tags":[],"coauthors":[270],"class_list":["post-16291","post","type-post","status-publish","format-standard","hentry","category-noticias"],"_links":{"self":[{"href":"https:\/\/aginova.ufms.br\/en\/wp-json\/wp\/v2\/posts\/16291","targetHints":{"allow":["GET"]}}],"collection":[{"href":"https:\/\/aginova.ufms.br\/en\/wp-json\/wp\/v2\/posts"}],"about":[{"href":"https:\/\/aginova.ufms.br\/en\/wp-json\/wp\/v2\/types\/post"}],"author":[{"embeddable":true,"href":"https:\/\/aginova.ufms.br\/en\/wp-json\/wp\/v2\/users\/35804"}],"replies":[{"embeddable":true,"href":"https:\/\/aginova.ufms.br\/en\/wp-json\/wp\/v2\/comments?post=16291"}],"version-history":[{"count":31,"href":"https:\/\/aginova.ufms.br\/en\/wp-json\/wp\/v2\/posts\/16291\/revisions"}],"predecessor-version":[{"id":16341,"href":"https:\/\/aginova.ufms.br\/en\/wp-json\/wp\/v2\/posts\/16291\/revisions\/16341"}],"wp:attachment":[{"href":"https:\/\/aginova.ufms.br\/en\/wp-json\/wp\/v2\/media?parent=16291"}],"wp:term":[{"taxonomy":"category","embeddable":true,"href":"https:\/\/aginova.ufms.br\/en\/wp-json\/wp\/v2\/categories?post=16291"},{"taxonomy":"post_tag","embeddable":true,"href":"https:\/\/aginova.ufms.br\/en\/wp-json\/wp\/v2\/tags?post=16291"},{"taxonomy":"author","embeddable":true,"href":"https:\/\/aginova.ufms.br\/en\/wp-json\/wp\/v2\/coauthors?post=16291"}],"curies":[{"name":"wp","href":"https:\/\/api.w.org\/{rel}","templated":true}]}}