{"id":1752,"date":"2015-06-23T07:32:55","date_gmt":"2015-06-23T11:32:55","guid":{"rendered":"http:\/\/inovacao.bellatrix.ufms.br\/?p=1752"},"modified":"2022-07-22T13:50:57","modified_gmt":"2022-07-22T17:50:57","slug":"resultado-final-fase-iv-primeira-feira-de-solucoes-inovadoras","status":"publish","type":"post","link":"https:\/\/aginova.ufms.br\/en\/resultado-final-fase-iv-primeira-feira-de-solucoes-inovadoras\/","title":{"rendered":"Resultado final FASE IV &#8211; Primeira Feira de Solu\u00e7\u00f5es Inovadoras"},"content":{"rendered":"<div id=\"attachment_1723\" style=\"width: 680px\" class=\"wp-caption aligncenter\"><img fetchpriority=\"high\" decoding=\"async\" aria-describedby=\"caption-attachment-1723\" class=\"size-large wp-image-1723 ml-lightbox-enabled\" src=\"http:\/\/inovacao.bellatrix.ufms.br\/files\/2015\/05\/Finalistas-2-1024x768.jpg\" alt=\"Finalistas FASE IV - 1\u00aa Feira de Solu\u00e7\u00f5es Inovadoras\" width=\"670\" height=\"503\" srcset=\"https:\/\/aginova.ufms.br\/files\/2015\/05\/Finalistas-2.jpg 1024w, https:\/\/aginova.ufms.br\/files\/2015\/05\/Finalistas-2-300x225.jpg 300w\" sizes=\"(max-width: 670px) 100vw, 670px\" \/><p id=\"caption-attachment-1723\" class=\"wp-caption-text\">Finalistas FASE IV &#8211; 1\u00aa Feira de Solu\u00e7\u00f5es Inovadoras<\/p><\/div>\n<p>A Primeira Feira de Solu\u00e7\u00f5es Inovadoras aconteceu no dia 11\/06 no complexo multiuso Dercir Pedro de Oliveira na UFMS, campus Campo Grande.<\/p>\n<p>Catorze equipes participaram da exposi\u00e7\u00e3o de ideias e neg\u00f3cios inovadores na terceira fase do evento, que contou com a visita\u00e7\u00e3o de alunos, professores e tamb\u00e9m n\u00e3o acad\u00eamicos para prestigiar os trabalhos dos participantes. Os grupos\u00a0finalistas da FASE III apresentaram seu modelo de neg\u00f3cio (CANVAS) para os avaliadores, resultando na premia\u00e7\u00e3o dos tr\u00eas primeiros colocados e uma premia\u00e7\u00e3o adicional de Equipe Destaque. Para a equipe classificada em primeiro lugar, os pr\u00eamios foram uma vaga na Incubadora da UFMS, e uma viagem para visita\u00e7\u00e3o t\u00e9cnica em duas grandes empresas situadas\u00a0no Rio de Janeiro.<\/p>\n<p><span style=\"color: #000080\"><a style=\"color: #000080\" href=\"http:\/\/inovacao.bellatrix.ufms.br\/?page_id=1558\">Para saber mais sobre a Primeira Feira de Solu\u00e7\u00f5es Inovadoras e ver as fotos do evento, clique aqui.<\/a><\/span><\/p>\n","protected":false},"excerpt":{"rendered":"<p>A Primeira Feira de Solu\u00e7\u00f5es Inovadoras aconteceu no dia 11\/06 no complexo multiuso Dercir Pedro de Oliveira na UFMS, campus Campo Grande. Catorze equipes participaram da exposi\u00e7\u00e3o de ideias e neg\u00f3cios inovadores na terceira fase do evento, que contou com a visita\u00e7\u00e3o de alunos, professores e tamb\u00e9m n\u00e3o acad\u00eamicos para prestigiar os trabalhos dos participantes. [&hellip;]<\/p>\n","protected":false},"author":4173,"featured_media":1723,"comment_status":"closed","ping_status":"open","sticky":false,"template":"","format":"standard","meta":{"ngg_post_thumbnail":0,"footnotes":""},"categories":[203],"tags":[],"coauthors":[],"class_list":["post-1752","post","type-post","status-publish","format-standard","has-post-thumbnail","hentry","category-noticias-empreendedorismo-inovacao"],"_links":{"self":[{"href":"https:\/\/aginova.ufms.br\/en\/wp-json\/wp\/v2\/posts\/1752","targetHints":{"allow":["GET"]}}],"collection":[{"href":"https:\/\/aginova.ufms.br\/en\/wp-json\/wp\/v2\/posts"}],"about":[{"href":"https:\/\/aginova.ufms.br\/en\/wp-json\/wp\/v2\/types\/post"}],"author":[{"embeddable":true,"href":"https:\/\/aginova.ufms.br\/en\/wp-json\/wp\/v2\/users\/4173"}],"replies":[{"embeddable":true,"href":"https:\/\/aginova.ufms.br\/en\/wp-json\/wp\/v2\/comments?post=1752"}],"version-history":[{"count":5,"href":"https:\/\/aginova.ufms.br\/en\/wp-json\/wp\/v2\/posts\/1752\/revisions"}],"predecessor-version":[{"id":1757,"href":"https:\/\/aginova.ufms.br\/en\/wp-json\/wp\/v2\/posts\/1752\/revisions\/1757"}],"wp:featuredmedia":[{"embeddable":true,"href":"https:\/\/aginova.ufms.br\/en\/wp-json\/wp\/v2\/media\/1723"}],"wp:attachment":[{"href":"https:\/\/aginova.ufms.br\/en\/wp-json\/wp\/v2\/media?parent=1752"}],"wp:term":[{"taxonomy":"category","embeddable":true,"href":"https:\/\/aginova.ufms.br\/en\/wp-json\/wp\/v2\/categories?post=1752"},{"taxonomy":"post_tag","embeddable":true,"href":"https:\/\/aginova.ufms.br\/en\/wp-json\/wp\/v2\/tags?post=1752"},{"taxonomy":"author","embeddable":true,"href":"https:\/\/aginova.ufms.br\/en\/wp-json\/wp\/v2\/coauthors?post=1752"}],"curies":[{"name":"wp","href":"https:\/\/api.w.org\/{rel}","templated":true}]}}