{"id":1764,"date":"2015-07-09T19:10:23","date_gmt":"2015-07-09T23:10:23","guid":{"rendered":"http:\/\/inovacao.bellatrix.ufms.br\/?p=1764"},"modified":"2022-07-22T13:50:57","modified_gmt":"2022-07-22T17:50:57","slug":"palestra-negocios-sociais-sebrae","status":"publish","type":"post","link":"https:\/\/aginova.ufms.br\/en\/palestra-negocios-sociais-sebrae\/","title":{"rendered":"Palestra Neg\u00f3cios Sociais &#8211; Sebrae"},"content":{"rendered":"<p><img fetchpriority=\"high\" decoding=\"async\" class=\" size-large wp-image-1790 aligncenter ml-lightbox-enabled\" src=\"http:\/\/inovacao.bellatrix.ufms.br\/files\/2015\/07\/negocios-sociais-1024x271.png\" alt=\"negocios sociais\" width=\"670\" height=\"177\" srcset=\"https:\/\/aginova.ufms.br\/files\/2015\/07\/negocios-sociais-1024x271.png 1024w, https:\/\/aginova.ufms.br\/files\/2015\/07\/negocios-sociais-300x79.png 300w, https:\/\/aginova.ufms.br\/files\/2015\/07\/negocios-sociais.png 1219w\" sizes=\"(max-width: 670px) 100vw, 670px\" \/><\/p>\n<p>O Sebrae disponibiliza mais uma oportunidade de aprendizado na cidade de Campo Grande, MS.<\/p>\n<p>No dia 19\/08\/2015, ser\u00e1 ministrada a palestra Neg\u00f3cios Sociais, que tem como p\u00fablico alvo microempreendedores individuais, micro empresas\u00a0e\u00a0potenciais empreendedores\u00a0,\u00a0abordando temas como:<\/p>\n<ul>\n<li>Conceito e caracter\u00edsticas de Neg\u00f3cios Sociais;<\/li>\n<li>Neg\u00f3cios Sociais x Neg\u00f3cios Tradicionais;<\/li>\n<li>Neg\u00f3cios Sociais na m\u00eddia;<\/li>\n<li>Casos de Sucesso;<\/li>\n<li>Concurso Maratona de Neg\u00f3cios Sociais.<\/li>\n<\/ul>\n<p>&nbsp;<\/p>\n<p>A palestra ser\u00e1 realizada gratuitamente no Complexo Multiuso Dercir Pedro de Oliveira, na UFMS (campus Campo Grande) no dia 19 de agosto, das 9h \u00e0s 10h.<\/p>\n<p><strong>Para mais informa\u00e7\u00f5es, <span style=\"color: #3366ff\"><a style=\"color: #3366ff\" href=\"http:\/\/www.sebrae.com.br\/sites\/PortalSebrae\/ufs\/ms\/cursos_eventos\/Neg%C3%B3cios-Sociais:-transforme-problemas-em-oportunidades-%E2%80%93-CG%2FMS,4964\" target=\"_blank\" rel=\"noopener\">acesse a p\u00e1gina do Sebrae.<\/a><\/span><\/strong><\/p>\n<p><strong>Para participar da palestra, <span style=\"color: #3366ff\"><a style=\"color: #3366ff\" href=\"http:\/\/atendimento2.ms.sebrae.com.br\/ecommerce\/index.php?page=curso-palestra&amp;id=305441\" target=\"_blank\" rel=\"noopener\">inscreva-se aqui.<\/a><\/span><\/strong><\/p>\n","protected":false},"excerpt":{"rendered":"<p>O Sebrae disponibiliza mais uma oportunidade de aprendizado na cidade de Campo Grande, MS. No dia 19\/08\/2015, ser\u00e1 ministrada a palestra Neg\u00f3cios Sociais, que tem como p\u00fablico alvo microempreendedores individuais, micro empresas\u00a0e\u00a0potenciais empreendedores\u00a0,\u00a0abordando temas como: Conceito e caracter\u00edsticas de Neg\u00f3cios Sociais; Neg\u00f3cios Sociais x Neg\u00f3cios Tradicionais; Neg\u00f3cios Sociais na m\u00eddia; Casos de Sucesso; Concurso Maratona [&hellip;]<\/p>\n","protected":false},"author":4173,"featured_media":0,"comment_status":"closed","ping_status":"open","sticky":false,"template":"","format":"standard","meta":{"ngg_post_thumbnail":0,"footnotes":""},"categories":[203],"tags":[],"coauthors":[],"class_list":["post-1764","post","type-post","status-publish","format-standard","hentry","category-noticias-empreendedorismo-inovacao"],"_links":{"self":[{"href":"https:\/\/aginova.ufms.br\/en\/wp-json\/wp\/v2\/posts\/1764","targetHints":{"allow":["GET"]}}],"collection":[{"href":"https:\/\/aginova.ufms.br\/en\/wp-json\/wp\/v2\/posts"}],"about":[{"href":"https:\/\/aginova.ufms.br\/en\/wp-json\/wp\/v2\/types\/post"}],"author":[{"embeddable":true,"href":"https:\/\/aginova.ufms.br\/en\/wp-json\/wp\/v2\/users\/4173"}],"replies":[{"embeddable":true,"href":"https:\/\/aginova.ufms.br\/en\/wp-json\/wp\/v2\/comments?post=1764"}],"version-history":[{"count":11,"href":"https:\/\/aginova.ufms.br\/en\/wp-json\/wp\/v2\/posts\/1764\/revisions"}],"predecessor-version":[{"id":11975,"href":"https:\/\/aginova.ufms.br\/en\/wp-json\/wp\/v2\/posts\/1764\/revisions\/11975"}],"wp:attachment":[{"href":"https:\/\/aginova.ufms.br\/en\/wp-json\/wp\/v2\/media?parent=1764"}],"wp:term":[{"taxonomy":"category","embeddable":true,"href":"https:\/\/aginova.ufms.br\/en\/wp-json\/wp\/v2\/categories?post=1764"},{"taxonomy":"post_tag","embeddable":true,"href":"https:\/\/aginova.ufms.br\/en\/wp-json\/wp\/v2\/tags?post=1764"},{"taxonomy":"author","embeddable":true,"href":"https:\/\/aginova.ufms.br\/en\/wp-json\/wp\/v2\/coauthors?post=1764"}],"curies":[{"name":"wp","href":"https:\/\/api.w.org\/{rel}","templated":true}]}}