{"id":1804,"date":"2015-08-20T18:49:35","date_gmt":"2015-08-20T22:49:35","guid":{"rendered":"http:\/\/inovacao.bellatrix.ufms.br\/?p=1804"},"modified":"2022-07-22T13:50:57","modified_gmt":"2022-07-22T17:50:57","slug":"maratona-de-negocios-sociais-inscricoes-abertas","status":"publish","type":"post","link":"https:\/\/aginova.ufms.br\/en\/maratona-de-negocios-sociais-inscricoes-abertas\/","title":{"rendered":"Maratona de Neg\u00f3cios Sociais &#8211; Inscri\u00e7\u00f5es abertas"},"content":{"rendered":"<p><img fetchpriority=\"high\" decoding=\"async\" class=\"  wp-image-1807  aligncenter ml-lightbox-enabled\" src=\"http:\/\/inovacao.bellatrix.ufms.br\/files\/2015\/08\/maratona-1-Copy1.png\" alt=\"\" width=\"550\" height=\"154\" srcset=\"https:\/\/aginova.ufms.br\/files\/2015\/08\/maratona-1-Copy1.png 882w, https:\/\/aginova.ufms.br\/files\/2015\/08\/maratona-1-Copy1-300x84.png 300w\" sizes=\"(max-width: 550px) 100vw, 550px\" \/><\/p>\n<p>Est\u00e3o abertas as inscri\u00e7\u00f5es para a Maratona de Neg\u00f3cios Sociais 2015.<\/p>\n<p>A Maratona\u00a0\u00e9 um concurso organizado pelo Sebrae\u00a0para alavancar\u00a0ideias de neg\u00f3cios sociais.\u00a0Os participantes selecionados ser\u00e3o submetidos a um programa intenso de capacita\u00e7\u00e3o, consultoria de especialistas e mentoria de empreendedores sociais experientes, com dura\u00e7\u00e3o de 4 dias.\u00a0Mato Grosso do Sul \u00e9 o quarto estado do pa\u00eds a organizar a Maratona, sendo um dos pioneiros nacionais a estimular a cria\u00e7\u00e3o de Neg\u00f3cios Sociais.<\/p>\n<p class=\"p-top\">Al\u00e9m do\u00a0aprendizado adquirido durante as quatro\u00a0fases da Maratona (Capacita\u00e7\u00f5es, Consultoria, Mentoria\u00a0e\u00a0Espa\u00e7os de Trabalho), os finalistas que apresentarem seus projetos para a Banca de Avalia\u00e7\u00e3o concorrer\u00e3o a um pacote de pr\u00eamios oferecidos pelo Sebrae e parceiros, tais como:<\/p>\n<p class=\"p-top\">&#8211; Cursos de empreendedorismo e gest\u00e3o de neg\u00f3cios;<\/p>\n<p class=\"p-top\">&#8211; Consultoria para implementa\u00e7\u00e3o dos neg\u00f3cios\u00a0(marketing, vendas, finan\u00e7as, opera\u00e7\u00f5es, recursos humanos, entre outras);<\/p>\n<p class=\"p-top\">&#8211; Entrada nas fases finais de programas de incuba\u00e7\u00e3o, acelera\u00e7\u00e3o ou mentoria dos parceiros;<\/p>\n<p class=\"p-top\">&#8211; Demais pr\u00eamios\u00a0anunciados no in\u00edcio da Maratona.<\/p>\n<div class=\"clear\"><span style=\"color: #ffffff\">a<\/span><\/div>\n<h4 class=\"clear\"><span style=\"color: #00ccff\"><strong>&gt;&gt;&gt;\u00a0<a href=\"http:\/\/maratonadenegociossociais.com.br\/ms\/o-programa\/\">Para saber mais sobre a Maratona, clique aqui.<\/a><\/strong><\/span><\/h4>\n<p>&nbsp;<\/p>\n","protected":false},"excerpt":{"rendered":"<p>Est\u00e3o abertas as inscri\u00e7\u00f5es para a Maratona de Neg\u00f3cios Sociais 2015. A Maratona\u00a0\u00e9 um concurso organizado pelo Sebrae\u00a0para alavancar\u00a0ideias de neg\u00f3cios sociais.\u00a0Os participantes selecionados ser\u00e3o submetidos a um programa intenso de capacita\u00e7\u00e3o, consultoria de especialistas e mentoria de empreendedores sociais experientes, com dura\u00e7\u00e3o de 4 dias.\u00a0Mato Grosso do Sul \u00e9 o quarto estado do pa\u00eds [&hellip;]<\/p>\n","protected":false},"author":4173,"featured_media":0,"comment_status":"closed","ping_status":"open","sticky":false,"template":"","format":"standard","meta":{"ngg_post_thumbnail":0,"footnotes":""},"categories":[203],"tags":[],"coauthors":[],"class_list":["post-1804","post","type-post","status-publish","format-standard","hentry","category-noticias-empreendedorismo-inovacao"],"_links":{"self":[{"href":"https:\/\/aginova.ufms.br\/en\/wp-json\/wp\/v2\/posts\/1804","targetHints":{"allow":["GET"]}}],"collection":[{"href":"https:\/\/aginova.ufms.br\/en\/wp-json\/wp\/v2\/posts"}],"about":[{"href":"https:\/\/aginova.ufms.br\/en\/wp-json\/wp\/v2\/types\/post"}],"author":[{"embeddable":true,"href":"https:\/\/aginova.ufms.br\/en\/wp-json\/wp\/v2\/users\/4173"}],"replies":[{"embeddable":true,"href":"https:\/\/aginova.ufms.br\/en\/wp-json\/wp\/v2\/comments?post=1804"}],"version-history":[{"count":6,"href":"https:\/\/aginova.ufms.br\/en\/wp-json\/wp\/v2\/posts\/1804\/revisions"}],"predecessor-version":[{"id":1812,"href":"https:\/\/aginova.ufms.br\/en\/wp-json\/wp\/v2\/posts\/1804\/revisions\/1812"}],"wp:attachment":[{"href":"https:\/\/aginova.ufms.br\/en\/wp-json\/wp\/v2\/media?parent=1804"}],"wp:term":[{"taxonomy":"category","embeddable":true,"href":"https:\/\/aginova.ufms.br\/en\/wp-json\/wp\/v2\/categories?post=1804"},{"taxonomy":"post_tag","embeddable":true,"href":"https:\/\/aginova.ufms.br\/en\/wp-json\/wp\/v2\/tags?post=1804"},{"taxonomy":"author","embeddable":true,"href":"https:\/\/aginova.ufms.br\/en\/wp-json\/wp\/v2\/coauthors?post=1804"}],"curies":[{"name":"wp","href":"https:\/\/api.w.org\/{rel}","templated":true}]}}