{"id":1959,"date":"2015-10-16T14:08:17","date_gmt":"2015-10-16T18:08:17","guid":{"rendered":"http:\/\/inovacao.bellatrix.ufms.br\/?p=1959"},"modified":"2022-07-22T13:50:56","modified_gmt":"2022-07-22T17:50:56","slug":"2a-feira-de-solucoes-inovadoras-inscricoes-abertas","status":"publish","type":"post","link":"https:\/\/aginova.ufms.br\/en\/2a-feira-de-solucoes-inovadoras-inscricoes-abertas\/","title":{"rendered":"2\u00aa Feira de Solu\u00e7\u00f5es Inovadoras &#8211; Inscri\u00e7\u00f5es abertas!"},"content":{"rendered":"<p>Est\u00e3o abertas as inscri\u00e7\u00f5es at\u00e9 dia <strong>02\/11\/2015<\/strong> para a <strong>2\u00aa \u00a0Feira de Solu\u00e7\u00f5es Inovadoras<\/strong>,\u00a0promovida pela equipe e coordena\u00e7\u00e3o do projeto <strong>\u201cEduca\u00e7\u00e3o empreendedora na UFMS\u201d<\/strong> com apoio dos Chefes da Divis\u00e3o de Apoio ao Empreendedorismo (DIAE) e da Divis\u00e3o Pantanal Incubadora Mista de Empresas (PIME), ambos vinculados a Coordenadoria de Relacionamento Universidade\/Empresa (CRE\/PROPP).<\/p>\n<p>A Feira faz parte do projeto aprovado em edital de chamada p\u00fablica SEBRAE UCE N\u00ba001\/2013 Educa\u00e7\u00e3o Empreendedora nas Institui\u00e7\u00f5es de Ensino Superior. &#8220;Educa\u00e7\u00e3o empreendedora na UFMS&#8221;<\/p>\n<p><em><strong>O que deve ser feito?<\/strong><\/em><\/p>\n<p>Neste evento, grupos de acad\u00eamicos\u00a0da universidade devem elaborar uma proposta de neg\u00f3cio, produto ou servi\u00e7o inovadores, que ser\u00e1 posteriormente analisada por uma banca avaliadora e a equipe vencedora ser\u00e1 premiada.<\/p>\n<p><em><strong>Objetivos<\/strong><\/em><\/p>\n<ul>\n<li>Estimular atitudes empreendedoras;<\/li>\n<li>Preparar jovens universit\u00e1rios para os desafios do mercado;<\/li>\n<li>Reconhecer docentes que incentivam atividades empreendedoras e inovadoras com os alunos de gradua\u00e7\u00e3o da UFMS.<\/li>\n<\/ul>\n<p><em><strong>\u00a0Quem pode participar?<\/strong><\/em><\/p>\n<ul>\n<li>Equipes com no m\u00e1ximo 5 alunos de gradua\u00e7\u00e3o e EAD da UFMS;<\/li>\n<li>Exatamente 1 professor por equipe;<\/li>\n<li>Todos os campi da UFMS.<\/li>\n<\/ul>\n<address><em><strong>\u00a0 Por que participar?<\/strong><\/em><\/address>\n<address>O evento proporcionar\u00e1 aos participantes diversos benef\u00edcios como:<\/address>\n<ul>\n<li>Viagem t\u00e9cnica nacional (1\u00b0\u00a0lugar);<\/li>\n<li>Certificados de participa\u00e7\u00e3o\u00a0para os concluintes das fases III e IV;<\/li>\n<li>M\u00e9rito em empreendedorismo inovador;<\/li>\n<li>Vaga na incubadora (c<em>aso a equipe selecionada tenha se inscrito na modalidade<\/em>);<\/li>\n<li>Pr\u00eamios para\u00a0propostas que se destacam como modelo de Neg\u00f3cios Sociais;<\/li>\n<li>Pr\u00eamios destaque em \u00e1reas espec\u00edficas;<\/li>\n<li>Networking com institui\u00e7\u00f5es relacionadas.<\/li>\n<\/ul>\n<p>A participa\u00e7\u00e3o na feira \u00e9 gratuita e a visita\u00e7\u00e3o \u00e9 aberta para toda a comunidade.<\/p>\n<p><span class=\"apple-converted-space\">Para se inscrever, \u00e9 necess\u00e1rio enviar para o e-mail:\u00a0<a href=\"mailto:empreendedorismo.ufms@gmail.com\">empreendedorismo.ufms@gmail.com<\/a>\u00a0o<\/span>\u00a0relat\u00f3rio e v\u00eddeo relatando a proposta da ideia de neg\u00f3cio, produto ou servi\u00e7o, a ficha de inscri\u00e7\u00e3o e o hist\u00f3rico acad\u00eamico dos alunos.<\/p>\n<p><a href=\"http:\/\/inovacao.bellatrix.ufms.br\/files\/2015\/10\/Edital-99-Feira.pdf\">Clique aqui<\/a> para ter acesso ao edital<\/p>\n<p><a href=\"http:\/\/inovacao.bellatrix.ufms.br\/files\/2015\/10\/Anexo-A.docx\">Clique aqui<\/a> para ter acesso ao modelo de <strong>Relat\u00f3rio\u00a0de Inscri\u00e7\u00e3o<\/strong><\/p>\n<p><a href=\"http:\/\/inovacao.bellatrix.ufms.br\/files\/2015\/10\/Anexo-C.docx\">Clique aqui<\/a> para ter acesso ao modelo de <strong>Ficha de Inscri\u00e7\u00e3o<\/strong><\/p>\n<p>&nbsp;<\/p>\n","protected":false},"excerpt":{"rendered":"<p>Est\u00e3o abertas as inscri\u00e7\u00f5es at\u00e9 dia 02\/11\/2015 para a 2\u00aa \u00a0Feira de Solu\u00e7\u00f5es Inovadoras,\u00a0promovida pela equipe e coordena\u00e7\u00e3o do projeto \u201cEduca\u00e7\u00e3o empreendedora na UFMS\u201d com apoio dos Chefes da Divis\u00e3o de Apoio ao Empreendedorismo (DIAE) e da Divis\u00e3o Pantanal Incubadora Mista de Empresas (PIME), ambos vinculados a Coordenadoria de Relacionamento Universidade\/Empresa (CRE\/PROPP). A Feira faz [&hellip;]<\/p>\n","protected":false},"author":2657,"featured_media":0,"comment_status":"closed","ping_status":"open","sticky":false,"template":"","format":"standard","meta":{"ngg_post_thumbnail":0,"footnotes":""},"categories":[203],"tags":[],"coauthors":[],"class_list":["post-1959","post","type-post","status-publish","format-standard","hentry","category-noticias-empreendedorismo-inovacao"],"_links":{"self":[{"href":"https:\/\/aginova.ufms.br\/en\/wp-json\/wp\/v2\/posts\/1959","targetHints":{"allow":["GET"]}}],"collection":[{"href":"https:\/\/aginova.ufms.br\/en\/wp-json\/wp\/v2\/posts"}],"about":[{"href":"https:\/\/aginova.ufms.br\/en\/wp-json\/wp\/v2\/types\/post"}],"author":[{"embeddable":true,"href":"https:\/\/aginova.ufms.br\/en\/wp-json\/wp\/v2\/users\/2657"}],"replies":[{"embeddable":true,"href":"https:\/\/aginova.ufms.br\/en\/wp-json\/wp\/v2\/comments?post=1959"}],"version-history":[{"count":10,"href":"https:\/\/aginova.ufms.br\/en\/wp-json\/wp\/v2\/posts\/1959\/revisions"}],"predecessor-version":[{"id":1998,"href":"https:\/\/aginova.ufms.br\/en\/wp-json\/wp\/v2\/posts\/1959\/revisions\/1998"}],"wp:attachment":[{"href":"https:\/\/aginova.ufms.br\/en\/wp-json\/wp\/v2\/media?parent=1959"}],"wp:term":[{"taxonomy":"category","embeddable":true,"href":"https:\/\/aginova.ufms.br\/en\/wp-json\/wp\/v2\/categories?post=1959"},{"taxonomy":"post_tag","embeddable":true,"href":"https:\/\/aginova.ufms.br\/en\/wp-json\/wp\/v2\/tags?post=1959"},{"taxonomy":"author","embeddable":true,"href":"https:\/\/aginova.ufms.br\/en\/wp-json\/wp\/v2\/coauthors?post=1959"}],"curies":[{"name":"wp","href":"https:\/\/api.w.org\/{rel}","templated":true}]}}