{"id":2095,"date":"2015-11-11T21:04:48","date_gmt":"2015-11-12T01:04:48","guid":{"rendered":"http:\/\/inovacao.bellatrix.ufms.br\/?p=2095"},"modified":"2022-07-22T13:50:56","modified_gmt":"2022-07-22T17:50:56","slug":"resultado-fase-i-2a-feira-de-solucoes-inovadoras","status":"publish","type":"post","link":"https:\/\/aginova.ufms.br\/en\/resultado-fase-i-2a-feira-de-solucoes-inovadoras\/","title":{"rendered":"Resultado FASE I \u2013 2\u00aa Feira de Solu\u00e7\u00f5es Inovadoras"},"content":{"rendered":"<p>Divulgada a lista de candidatos com inscri\u00e7\u00f5es deferidas na FASE I do processo seletivo da Segunda\u00a0Feira de Solu\u00e7\u00f5es Inovadoras, ap\u00f3s a aplica\u00e7\u00e3o dos crit\u00e9rios previstos no<a href=\"http:\/\/inovacao.bellatrix.ufms.br\/files\/2015\/10\/Edital-99-Feira.pdf\"> edital n\u00ba 99, de 19 de outubro de 2015<\/a>,\u00a0 visando \u00e0 sele\u00e7\u00e3o, participa\u00e7\u00e3o e premia\u00e7\u00e3o de grupos de alunos de gradua\u00e7\u00e3o e professores.<\/p>\n<p>Conforme previsto no referido\u00a0edital, os integrantes dos grupos com inscri\u00e7\u00f5es deferidas dever\u00e3o comparecer no Bloco 7 (em frente as quadras cobertas da UFMS) \u00a0para a\u00a0\u00a0Reuni\u00e3o de prepara\u00e7\u00e3o e capacita\u00e7\u00e3o de \u201cComo se comunicar com o p\u00fablico\u201d\u00a0no dia 14\/11\/2015, das\u00a08h \u2013 11h<\/p>\n<p><a href=\"http:\/\/inovacao.bellatrix.ufms.br\/files\/2015\/11\/EDITAL-PROPP-RTR-n-107-de-9-11-2015.2.pdf\">Acesse aqui a lista de inscri\u00e7\u00f5es deferidas<\/a>.<\/p>\n<p>&nbsp;<\/p>\n<p>Para saber mais sobre a Feira de Solu\u00e7\u00f5es Inovadoras, <a href=\"http:\/\/inovacao.bellatrix.ufms.br\/feira\/\">clique aqui\u00a0<\/a><\/p>\n","protected":false},"excerpt":{"rendered":"<p>Divulgada a lista de candidatos com inscri\u00e7\u00f5es deferidas na FASE I do processo seletivo da Segunda\u00a0Feira de Solu\u00e7\u00f5es Inovadoras, ap\u00f3s a aplica\u00e7\u00e3o dos crit\u00e9rios previstos no edital n\u00ba 99, de 19 de outubro de 2015,\u00a0 visando \u00e0 sele\u00e7\u00e3o, participa\u00e7\u00e3o e premia\u00e7\u00e3o de grupos de alunos de gradua\u00e7\u00e3o e professores. Conforme previsto no referido\u00a0edital, os integrantes [&hellip;]<\/p>\n","protected":false},"author":2657,"featured_media":2035,"comment_status":"closed","ping_status":"open","sticky":false,"template":"","format":"standard","meta":{"ngg_post_thumbnail":0,"footnotes":""},"categories":[203],"tags":[],"coauthors":[],"class_list":["post-2095","post","type-post","status-publish","format-standard","has-post-thumbnail","hentry","category-noticias-empreendedorismo-inovacao"],"_links":{"self":[{"href":"https:\/\/aginova.ufms.br\/en\/wp-json\/wp\/v2\/posts\/2095","targetHints":{"allow":["GET"]}}],"collection":[{"href":"https:\/\/aginova.ufms.br\/en\/wp-json\/wp\/v2\/posts"}],"about":[{"href":"https:\/\/aginova.ufms.br\/en\/wp-json\/wp\/v2\/types\/post"}],"author":[{"embeddable":true,"href":"https:\/\/aginova.ufms.br\/en\/wp-json\/wp\/v2\/users\/2657"}],"replies":[{"embeddable":true,"href":"https:\/\/aginova.ufms.br\/en\/wp-json\/wp\/v2\/comments?post=2095"}],"version-history":[{"count":2,"href":"https:\/\/aginova.ufms.br\/en\/wp-json\/wp\/v2\/posts\/2095\/revisions"}],"predecessor-version":[{"id":2101,"href":"https:\/\/aginova.ufms.br\/en\/wp-json\/wp\/v2\/posts\/2095\/revisions\/2101"}],"wp:featuredmedia":[{"embeddable":true,"href":"https:\/\/aginova.ufms.br\/en\/wp-json\/wp\/v2\/media\/2035"}],"wp:attachment":[{"href":"https:\/\/aginova.ufms.br\/en\/wp-json\/wp\/v2\/media?parent=2095"}],"wp:term":[{"taxonomy":"category","embeddable":true,"href":"https:\/\/aginova.ufms.br\/en\/wp-json\/wp\/v2\/categories?post=2095"},{"taxonomy":"post_tag","embeddable":true,"href":"https:\/\/aginova.ufms.br\/en\/wp-json\/wp\/v2\/tags?post=2095"},{"taxonomy":"author","embeddable":true,"href":"https:\/\/aginova.ufms.br\/en\/wp-json\/wp\/v2\/coauthors?post=2095"}],"curies":[{"name":"wp","href":"https:\/\/api.w.org\/{rel}","templated":true}]}}