{"id":2109,"date":"2015-11-20T14:44:35","date_gmt":"2015-11-20T18:44:35","guid":{"rendered":"http:\/\/inovacao.bellatrix.ufms.br\/?p=2109"},"modified":"2022-07-22T13:50:56","modified_gmt":"2022-07-22T17:50:56","slug":"programacao-2a-feira-de-solucoes-inovadoras-iv-simpges-xvi-eic","status":"publish","type":"post","link":"https:\/\/aginova.ufms.br\/en\/programacao-2a-feira-de-solucoes-inovadoras-iv-simpges-xvi-eic\/","title":{"rendered":"Programa\u00e7\u00e3o 2\u00aa Feira de Solu\u00e7\u00f5es Inovadoras \/ IV SIMPGES \/ XVI EIC"},"content":{"rendered":"<p>Nos dias 24 e 25 de novembro acontecem a\u00a02\u00aa Feira de Solu\u00e7\u00f5es Inovadoras, IV SIMPGES: Neg\u00f3cios Sociais e seus Desafios e XVI Encontro de Inicia\u00e7\u00e3o Cient\u00edfica. Os eventos contam com exposi\u00e7\u00e3o de ideias inovadoras, palestras, apresenta\u00e7\u00e3o de resumos do simp\u00f3sio e trabalhos de Inicia\u00e7\u00e3o Cient\u00edfica, premia\u00e7\u00f5es e eventos das Empresas Juniores.<\/p>\n<p>Confira a programa\u00e7\u00e3o abaixo:<\/p>\n<p><a href=\"http:\/\/inovacao.bellatrix.ufms.br\/files\/2015\/11\/Programa\u00e7\u00e3o-separada-25.png\"><br \/>\n<\/a><img fetchpriority=\"high\" decoding=\"async\" class=\"alignleft wp-image-2110 size-large ml-lightbox-enabled\" src=\"http:\/\/inovacao.bellatrix.ufms.br\/files\/2015\/11\/Program\u00e7\u00e3o-com-as-logos-733x1024.png\" alt=\"Program\u00e7\u00e3o com as logos\" width=\"733\" height=\"1024\" srcset=\"https:\/\/aginova.ufms.br\/files\/2015\/11\/Program\u00e7\u00e3o-com-as-logos-733x1024.png 733w, https:\/\/aginova.ufms.br\/files\/2015\/11\/Program\u00e7\u00e3o-com-as-logos-215x300.png 215w, https:\/\/aginova.ufms.br\/files\/2015\/11\/Program\u00e7\u00e3o-com-as-logos-229x320.png 229w\" sizes=\"(max-width: 733px) 100vw, 733px\" \/><a href=\"http:\/\/inovacao.bellatrix.ufms.br\/files\/2015\/11\/Programa\u00e7\u00e3o-separada-25.png\"><br \/>\n<\/a><\/p>\n<p>&nbsp;<\/p>\n<p>&nbsp;<\/p>\n","protected":false},"excerpt":{"rendered":"<p>Nos dias 24 e 25 de novembro acontecem a\u00a02\u00aa Feira de Solu\u00e7\u00f5es Inovadoras, IV SIMPGES: Neg\u00f3cios Sociais e seus Desafios e XVI Encontro de Inicia\u00e7\u00e3o Cient\u00edfica. Os eventos contam com exposi\u00e7\u00e3o de ideias inovadoras, palestras, apresenta\u00e7\u00e3o de resumos do simp\u00f3sio e trabalhos de Inicia\u00e7\u00e3o Cient\u00edfica, premia\u00e7\u00f5es e eventos das Empresas Juniores. Confira a programa\u00e7\u00e3o abaixo: [&hellip;]<\/p>\n","protected":false},"author":2659,"featured_media":0,"comment_status":"closed","ping_status":"open","sticky":false,"template":"","format":"standard","meta":{"ngg_post_thumbnail":0,"footnotes":""},"categories":[3,203],"tags":[],"coauthors":[],"class_list":["post-2109","post","type-post","status-publish","format-standard","hentry","category-fotos-imagens","category-noticias-empreendedorismo-inovacao"],"_links":{"self":[{"href":"https:\/\/aginova.ufms.br\/en\/wp-json\/wp\/v2\/posts\/2109","targetHints":{"allow":["GET"]}}],"collection":[{"href":"https:\/\/aginova.ufms.br\/en\/wp-json\/wp\/v2\/posts"}],"about":[{"href":"https:\/\/aginova.ufms.br\/en\/wp-json\/wp\/v2\/types\/post"}],"author":[{"embeddable":true,"href":"https:\/\/aginova.ufms.br\/en\/wp-json\/wp\/v2\/users\/2659"}],"replies":[{"embeddable":true,"href":"https:\/\/aginova.ufms.br\/en\/wp-json\/wp\/v2\/comments?post=2109"}],"version-history":[{"count":6,"href":"https:\/\/aginova.ufms.br\/en\/wp-json\/wp\/v2\/posts\/2109\/revisions"}],"predecessor-version":[{"id":2119,"href":"https:\/\/aginova.ufms.br\/en\/wp-json\/wp\/v2\/posts\/2109\/revisions\/2119"}],"wp:attachment":[{"href":"https:\/\/aginova.ufms.br\/en\/wp-json\/wp\/v2\/media?parent=2109"}],"wp:term":[{"taxonomy":"category","embeddable":true,"href":"https:\/\/aginova.ufms.br\/en\/wp-json\/wp\/v2\/categories?post=2109"},{"taxonomy":"post_tag","embeddable":true,"href":"https:\/\/aginova.ufms.br\/en\/wp-json\/wp\/v2\/tags?post=2109"},{"taxonomy":"author","embeddable":true,"href":"https:\/\/aginova.ufms.br\/en\/wp-json\/wp\/v2\/coauthors?post=2109"}],"curies":[{"name":"wp","href":"https:\/\/api.w.org\/{rel}","templated":true}]}}