{"id":2122,"date":"2015-11-23T09:48:38","date_gmt":"2015-11-23T13:48:38","guid":{"rendered":"http:\/\/inovacao.bellatrix.ufms.br\/?p=2122"},"modified":"2022-07-22T13:50:55","modified_gmt":"2022-07-22T17:50:55","slug":"resultado-fase-ii-2a-feira-de-solucoes-inovadoras","status":"publish","type":"post","link":"https:\/\/aginova.ufms.br\/en\/resultado-fase-ii-2a-feira-de-solucoes-inovadoras\/","title":{"rendered":"Resultado FASE II &#8211; 2\u00aa Feira de Solu\u00e7\u00f5es Inovadoras"},"content":{"rendered":"<p>O chefe da coordenadoria de pesquisa no exerc\u00edcio do cargo de pr\u00f3-reitor de pesquisa, p\u00f3s-gradua\u00e7\u00e3o e inova\u00e7\u00e3o\u00a0da Funda\u00e7\u00e3o Universidade Federal de Mato Grosso do Sul, no uso de suas atribui\u00e7\u00f5es e demais dispositivos aplic\u00e1veis, torna p\u00fablico o Resultado Final das propostas deferidas e indeferidas na FASE II, visando \u00e0 sele\u00e7\u00e3o, participa\u00e7\u00e3o e premia\u00e7\u00e3o de grupos de alunos de gradua\u00e7\u00e3o e professores.<\/p>\n<p>Foi publicada no <a href=\"https:\/\/bse.ufms.br\">Boletim de Servi\u00e7os<\/a>, referente ao\u00a0dia 20\/11\/2015, a rela\u00e7\u00e3o de grupos convocados\u00a0para a FASE III da\u00a02\u00aa Feira de Solu\u00e7\u00f5es Inovadoras, no dia 24\/11\/2015.<\/p>\n<p>&nbsp;<\/p>\n<p>Para acessar o resultado, <strong><a href=\"https:\/\/bse.ufms.br\/bse\/publicacao?id=233256\" target=\"_blank\" rel=\"noopener\">CLIQUE AQUI<\/a><\/strong><\/p>\n","protected":false},"excerpt":{"rendered":"<p>O chefe da coordenadoria de pesquisa no exerc\u00edcio do cargo de pr\u00f3-reitor de pesquisa, p\u00f3s-gradua\u00e7\u00e3o e inova\u00e7\u00e3o\u00a0da Funda\u00e7\u00e3o Universidade Federal de Mato Grosso do Sul, no uso de suas atribui\u00e7\u00f5es e demais dispositivos aplic\u00e1veis, torna p\u00fablico o Resultado Final das propostas deferidas e indeferidas na FASE II, visando \u00e0 sele\u00e7\u00e3o, participa\u00e7\u00e3o e premia\u00e7\u00e3o de grupos [&hellip;]<\/p>\n","protected":false},"author":2659,"featured_media":0,"comment_status":"closed","ping_status":"open","sticky":false,"template":"","format":"standard","meta":{"ngg_post_thumbnail":0,"footnotes":""},"categories":[203],"tags":[],"coauthors":[],"class_list":["post-2122","post","type-post","status-publish","format-standard","hentry","category-noticias-empreendedorismo-inovacao"],"_links":{"self":[{"href":"https:\/\/aginova.ufms.br\/en\/wp-json\/wp\/v2\/posts\/2122","targetHints":{"allow":["GET"]}}],"collection":[{"href":"https:\/\/aginova.ufms.br\/en\/wp-json\/wp\/v2\/posts"}],"about":[{"href":"https:\/\/aginova.ufms.br\/en\/wp-json\/wp\/v2\/types\/post"}],"author":[{"embeddable":true,"href":"https:\/\/aginova.ufms.br\/en\/wp-json\/wp\/v2\/users\/2659"}],"replies":[{"embeddable":true,"href":"https:\/\/aginova.ufms.br\/en\/wp-json\/wp\/v2\/comments?post=2122"}],"version-history":[{"count":6,"href":"https:\/\/aginova.ufms.br\/en\/wp-json\/wp\/v2\/posts\/2122\/revisions"}],"predecessor-version":[{"id":11973,"href":"https:\/\/aginova.ufms.br\/en\/wp-json\/wp\/v2\/posts\/2122\/revisions\/11973"}],"wp:attachment":[{"href":"https:\/\/aginova.ufms.br\/en\/wp-json\/wp\/v2\/media?parent=2122"}],"wp:term":[{"taxonomy":"category","embeddable":true,"href":"https:\/\/aginova.ufms.br\/en\/wp-json\/wp\/v2\/categories?post=2122"},{"taxonomy":"post_tag","embeddable":true,"href":"https:\/\/aginova.ufms.br\/en\/wp-json\/wp\/v2\/tags?post=2122"},{"taxonomy":"author","embeddable":true,"href":"https:\/\/aginova.ufms.br\/en\/wp-json\/wp\/v2\/coauthors?post=2122"}],"curies":[{"name":"wp","href":"https:\/\/api.w.org\/{rel}","templated":true}]}}