{"id":2187,"date":"2016-02-22T17:31:59","date_gmt":"2016-02-22T21:31:59","guid":{"rendered":"http:\/\/inovacao.bellatrix.ufms.br\/?p=2187"},"modified":"2022-07-22T13:50:55","modified_gmt":"2022-07-22T17:50:55","slug":"chamada-capacitacao-empretec-para-professores-da-ufms","status":"publish","type":"post","link":"https:\/\/aginova.ufms.br\/en\/chamada-capacitacao-empretec-para-professores-da-ufms\/","title":{"rendered":"Chamada Capacita\u00e7\u00e3o EMPRETEC para professores da UFMS"},"content":{"rendered":"<p>Est\u00e3o abertas as inscri\u00e7\u00f5es para realiza\u00e7\u00e3o do Semin\u00e1rio Empretec para professores do quadro efetivo da UFMS.<\/p>\n<p>Com metodologia desenvolvida atrav\u00e9s da ONU \u2013 Organiza\u00e7\u00f5es das Na\u00e7\u00f5es Unidas\u00a0\u2013\u00a0e aplicada exclusivamente pelo Sebrae, o Semin\u00e1rio Empretec, do Programa Sebrae Mais, busca potencializar o perfil empreendedor que existe em cada participante. Assim como desenvolver caracter\u00edsticas de comportamento empreendedor e identifica\u00e7\u00e3o de novas oportunidades de neg\u00f3cios.<\/p>\n<p>Ser\u00e3o 60 horas de capacita\u00e7\u00e3o, por seis (6) dias consecutivos em per\u00edodo integral: segunda a s\u00e1bado, das 8h \u00e0s 18h. Trata-se de uma completa imers\u00e3o com m\u00e9todo interativo e pr\u00e1tico conduzido por facilitadores especialistas na metodologia.<\/p>\n<p>Ser\u00e3o selecionados:<\/p>\n<ul>\n<li>4 professores para a turma de 14 a 19\/03\/2016; e<\/li>\n<li>2 professores para a turma de agosto\/2016.<\/li>\n<\/ul>\n<p>Os interessados devem encaminhar a <a href=\"http:\/\/inovacao.bellatrix.ufms.br\/files\/2016\/02\/Ficha-inscri\u00e7\u00e3o-Empretec.doc\">FICHA DE INSCRI\u00c7\u00c3O EMPRETEC<\/a>\u00a0para o e-mail <a href=\"mailto:empreendedorismo.ufms@gmail.com\">empreendedorismo.ufms@gmail.com<\/a> e ficar atento ao agendamento da entrevista que acontecer\u00e1 por telefone, contato e entrevistas acontecer\u00e3o pelo pr\u00f3prio SEBRAE\/MS.<\/p>\n<p>A sele\u00e7\u00e3o acontecer\u00e1 obedecendo o seguinte fluxo:<\/p>\n<ul>\n<li>Docente envia <a href=\"http:\/\/inovacao.bellatrix.ufms.br\/files\/2016\/02\/Ficha-inscri\u00e7\u00e3o-Empretec.doc\">FICHA DE INSCRI\u00c7\u00c3O EMPRETEC<\/a>\u00a0por e-mail;<\/li>\n<li>Equipe projeto encaminha <a href=\"http:\/\/inovacao.bellatrix.ufms.br\/files\/2016\/02\/Ficha-inscri\u00e7\u00e3o-Empretec.doc\">FICHA DE INSCRI\u00c7\u00c3O EMPRETEC<\/a>\u00a0para o SEBRAE\/MS;<\/li>\n<li>SEBRAE\/MS convoca por telefone docente para a entrevista;<\/li>\n<li>Realiza\u00e7\u00e3o da entrevista entre docente e avaliador SEBRAE;<\/li>\n<li>Realiza\u00e7\u00e3o da Capacita\u00e7\u00e3o.<\/li>\n<\/ul>\n<p>O crit\u00e9rio de sele\u00e7\u00e3o ser\u00e1 a ordem de entrega das fichas de inscri\u00e7\u00e3o EMPRETEC no e-mail do projeto, caso o docente entrevistado n\u00e3o for selecionado ser\u00e1 encaminhado nova ficha de inscri\u00e7\u00e3o.<\/p>\n<p>A chamada est\u00e1 aberta para professores de todos os campi da UFMS e n\u00e3o traz \u00f4nus para o docente.<\/p>\n<p>A\u00a0capacita\u00e7\u00e3o Empretec para professores da UFMS \u00e9 uma a\u00e7\u00e3o promovida pela equipe e coordena\u00e7\u00e3o do projeto\u00a0aprovado em EDITAL DE CHAMADA P\u00daBLICA SEBRAE \u2013 UCE N\u00ba001\/2013 Educa\u00e7\u00e3o Empreendedora nas Institui\u00e7\u00f5es de Ensino Superior. \u2013 \u201cEduca\u00e7\u00e3o empreendedora na UFMS\u201d juntamente com o SEBRAE\/MS.<\/p>\n<p>Para saber mais detalhes do programa, assista o v\u00eddeo \u201cConhe\u00e7a o Empretec, o programa de capacita\u00e7\u00e3o empresarial do SEBRAE\u201d<\/p>\n<p><a href=\"https:\/\/www.youtube.com\/watch?v=6NmDYL9ZpcA\">https:\/\/www.youtube.com\/watch?v=6NmDYL9ZpcA<\/a><\/p>\n<p>&nbsp;<\/p>\n<p>Mais informa\u00e7\u00f5es no telefone da Coordenadoria de Relacionamento Universidade Empresa &#8211;\u00a0CRE:\u00a0<span style=\"color: #000000\">3345-7216<\/span><\/p>\n","protected":false},"excerpt":{"rendered":"<p>Est\u00e3o abertas as inscri\u00e7\u00f5es para realiza\u00e7\u00e3o do Semin\u00e1rio Empretec para professores do quadro efetivo da UFMS. Com metodologia desenvolvida atrav\u00e9s da ONU \u2013 Organiza\u00e7\u00f5es das Na\u00e7\u00f5es Unidas\u00a0\u2013\u00a0e aplicada exclusivamente pelo Sebrae, o Semin\u00e1rio Empretec, do Programa Sebrae Mais, busca potencializar o perfil empreendedor que existe em cada participante. Assim como desenvolver caracter\u00edsticas de comportamento empreendedor [&hellip;]<\/p>\n","protected":false},"author":2659,"featured_media":2200,"comment_status":"closed","ping_status":"open","sticky":false,"template":"","format":"standard","meta":{"ngg_post_thumbnail":0,"footnotes":""},"categories":[55,203],"tags":[],"coauthors":[],"class_list":["post-2187","post","type-post","status-publish","format-standard","has-post-thumbnail","hentry","category-documentos","category-noticias-empreendedorismo-inovacao"],"_links":{"self":[{"href":"https:\/\/aginova.ufms.br\/en\/wp-json\/wp\/v2\/posts\/2187","targetHints":{"allow":["GET"]}}],"collection":[{"href":"https:\/\/aginova.ufms.br\/en\/wp-json\/wp\/v2\/posts"}],"about":[{"href":"https:\/\/aginova.ufms.br\/en\/wp-json\/wp\/v2\/types\/post"}],"author":[{"embeddable":true,"href":"https:\/\/aginova.ufms.br\/en\/wp-json\/wp\/v2\/users\/2659"}],"replies":[{"embeddable":true,"href":"https:\/\/aginova.ufms.br\/en\/wp-json\/wp\/v2\/comments?post=2187"}],"version-history":[{"count":3,"href":"https:\/\/aginova.ufms.br\/en\/wp-json\/wp\/v2\/posts\/2187\/revisions"}],"predecessor-version":[{"id":2202,"href":"https:\/\/aginova.ufms.br\/en\/wp-json\/wp\/v2\/posts\/2187\/revisions\/2202"}],"wp:featuredmedia":[{"embeddable":true,"href":"https:\/\/aginova.ufms.br\/en\/wp-json\/wp\/v2\/media\/2200"}],"wp:attachment":[{"href":"https:\/\/aginova.ufms.br\/en\/wp-json\/wp\/v2\/media?parent=2187"}],"wp:term":[{"taxonomy":"category","embeddable":true,"href":"https:\/\/aginova.ufms.br\/en\/wp-json\/wp\/v2\/categories?post=2187"},{"taxonomy":"post_tag","embeddable":true,"href":"https:\/\/aginova.ufms.br\/en\/wp-json\/wp\/v2\/tags?post=2187"},{"taxonomy":"author","embeddable":true,"href":"https:\/\/aginova.ufms.br\/en\/wp-json\/wp\/v2\/coauthors?post=2187"}],"curies":[{"name":"wp","href":"https:\/\/api.w.org\/{rel}","templated":true}]}}