{"id":2227,"date":"2016-03-23T09:31:15","date_gmt":"2016-03-23T13:31:15","guid":{"rendered":"http:\/\/inovacao.bellatrix.ufms.br\/?p=2227"},"modified":"2022-07-22T13:50:55","modified_gmt":"2022-07-22T17:50:55","slug":"projeto-empreendendo-teve-processo-seletivo-realizado-neste-sabado-190316","status":"publish","type":"post","link":"https:\/\/aginova.ufms.br\/en\/projeto-empreendendo-teve-processo-seletivo-realizado-neste-sabado-190316\/","title":{"rendered":"Projeto &#8220;Empreendendo&#8221; teve processo seletivo realizado neste s\u00e1bado (19\/03\/16)"},"content":{"rendered":"<p>O \u201cProjeto Empreendendo na cidade de Campo Grande (MS): uma alternativa na forma\u00e7\u00e3o de alunos\/as em conclus\u00e3o do ensino m\u00e9dio de escolas p\u00fablicas\u201d, um projeto de empreendedorismo voltado aos alunos do \u00faltimo ano do ensino m\u00e9dio da rede p\u00fablica, teve seu processo seletivo realizado neste s\u00e1bado (19\/03\/2016). O processo seletivo ocorreu entre 8h30min e 11h por meio de provas escritas de conhecimentos b\u00e1sicos de c\u00e1lculo e interpreta\u00e7\u00e3o de textos e por meio de entrevistas, que avaliaram os seguintes crit\u00e9rios:<\/p>\n<ol>\n<li>Se, estavam regularmente matriculado em escola p\u00fablica na cidade de Campo Grande (MS);<\/li>\n<li>Se, demostravam interesse e comprometimento com o curso;<\/li>\n<li>Se possu\u00edam caracter\u00edsticas empreendedoras.<\/li>\n<\/ol>\n<p>O objetivo da iniciativa \u00e9 fomentar o Empreendedorismo para jovens de escolas p\u00fablicas como alternativa de forma\u00e7\u00e3o, por meio de conceitos te\u00f3ricos, estudos de casos (Empres\u00e1rios locais), e din\u00e2micas junto aos participantes. Para isso ser\u00e3o oferecidas aos aprovados no processo seletivo, aulas relacionadas ao empreendedorismo (estrat\u00e9gias de vendas, plano de neg\u00f3cios, RH, direito do consumidor, legisla\u00e7\u00e3o trabalhista e societ\u00e1ria, comportamento do consumidor, marketing e propaganda, entre outros&#8230;) que ser\u00e3o ministradas durante os s\u00e1bados das 9h \u00e0s 11h no Complexo Multiuso Dercir Pedro de Oliveira &#8211; UFMS, no total ser\u00e3o 10 encontros.<\/p>\n<h5>O projeto, que nasceu no interior do Paran\u00e1 em 2012, chegou em Campo Grande no ano passado e conta com o apoio financeiro da Pr\u00f3-Reitoria de Extens\u00e3o, Cultura e Assuntos Estudantis (PREAE), com o apoio na organiza\u00e7\u00e3o das atividades da Divis\u00e3o de Apoio ao Empreendedorismo (DIAE\/CRE\/PROPP), e com a parceira do Rotary Club de Campo Grande Sem Fronteiras e do Rotaract Club de Campo Grande.<\/h5>\n<p>Para mais informa\u00e7\u00f5es sobre o projeto, acesse: <a href=\"http:\/\/empreendendo.org.br\/\" target=\"_blank\" rel=\"noopener\">http:\/\/empreendendo.org.br\/<\/a><\/p>\n<p>&nbsp;<\/p>\n<p>&nbsp;<\/p>\n\n\t\t<style type=\"text\/css\">\n\t\t\t#gallery-1 {\n\t\t\t\tmargin: auto;\n\t\t\t}\n\t\t\t#gallery-1 .gallery-item {\n\t\t\t\tfloat: left;\n\t\t\t\tmargin-top: 10px;\n\t\t\t\ttext-align: center;\n\t\t\t\twidth: 100%;\n\t\t\t}\n\t\t\t#gallery-1 img {\n\t\t\t\tborder: 2px solid #cfcfcf;\n\t\t\t}\n\t\t\t#gallery-1 .gallery-caption {\n\t\t\t\tmargin-left: 0;\n\t\t\t}\n\t\t\t\/* see gallery_shortcode() in wp-includes\/media.php *\/\n\t\t<\/style>\n\t\t<div id='gallery-1' class='gallery galleryid-2227 gallery-columns-1 gallery-size-medium'><dl class='gallery-item'>\n\t\t\t<dt class='gallery-icon landscape'>\n\t\t\t\t<a href=\"https:\/\/aginova.ufms.br\/files\/2016\/03\/IMG-20160319-WA0014.jpg\" data-src=\"https:\/\/aginova.ufms.br\/files\/2016\/03\/IMG-20160319-WA0014.jpg\" data-thumb=\"https:\/\/aginova.ufms.br\/files\/2016\/03\/IMG-20160319-WA0014.jpg\" class=\"ml-enlarge-override\"><img fetchpriority=\"high\" decoding=\"async\" width=\"300\" height=\"225\" src=\"https:\/\/aginova.ufms.br\/files\/2016\/03\/IMG-20160319-WA0014-300x225.jpg\" class=\"attachment-medium size-medium\" alt=\"\" aria-describedby=\"gallery-1-2229\" srcset=\"https:\/\/aginova.ufms.br\/files\/2016\/03\/IMG-20160319-WA0014-300x225.jpg 300w, https:\/\/aginova.ufms.br\/files\/2016\/03\/IMG-20160319-WA0014-768x576.jpg 768w, https:\/\/aginova.ufms.br\/files\/2016\/03\/IMG-20160319-WA0014-1024x768.jpg 1024w, https:\/\/aginova.ufms.br\/files\/2016\/03\/IMG-20160319-WA0014-427x320.jpg 427w, https:\/\/aginova.ufms.br\/files\/2016\/03\/IMG-20160319-WA0014.jpg 1280w\" sizes=\"(max-width: 300px) 100vw, 300px\" \/><\/a>\n\t\t\t<\/dt>\n\t\t\t\t<dd class='wp-caption-text gallery-caption' id='gallery-1-2229'>\n\t\t\t\tProcesso seletivo &#8211; Projeto Empreendendo\n\t\t\t\t<\/dd><\/dl><br style=\"clear: both\" \/><dl class='gallery-item'>\n\t\t\t<dt class='gallery-icon landscape'>\n\t\t\t\t<a href=\"https:\/\/aginova.ufms.br\/files\/2016\/03\/IMG-20160319-WA0002.jpg\" data-src=\"https:\/\/aginova.ufms.br\/files\/2016\/03\/IMG-20160319-WA0002.jpg\" data-thumb=\"https:\/\/aginova.ufms.br\/files\/2016\/03\/IMG-20160319-WA0002.jpg\" class=\"ml-enlarge-override\"><img decoding=\"async\" width=\"300\" height=\"169\" src=\"https:\/\/aginova.ufms.br\/files\/2016\/03\/IMG-20160319-WA0002-300x169.jpg\" class=\"attachment-medium size-medium\" alt=\"\" aria-describedby=\"gallery-1-2230\" srcset=\"https:\/\/aginova.ufms.br\/files\/2016\/03\/IMG-20160319-WA0002-300x169.jpg 300w, https:\/\/aginova.ufms.br\/files\/2016\/03\/IMG-20160319-WA0002-768x432.jpg 768w, https:\/\/aginova.ufms.br\/files\/2016\/03\/IMG-20160319-WA0002-1024x576.jpg 1024w, https:\/\/aginova.ufms.br\/files\/2016\/03\/IMG-20160319-WA0002-569x320.jpg 569w, https:\/\/aginova.ufms.br\/files\/2016\/03\/IMG-20160319-WA0002.jpg 1280w\" sizes=\"(max-width: 300px) 100vw, 300px\" \/><\/a>\n\t\t\t<\/dt>\n\t\t\t\t<dd class='wp-caption-text gallery-caption' id='gallery-1-2230'>\n\t\t\t\tProcesso seletivo &#8211; Projeto Empreendendo\n\t\t\t\t<\/dd><\/dl><br style=\"clear: both\" \/><dl class='gallery-item'>\n\t\t\t<dt class='gallery-icon landscape'>\n\t\t\t\t<a href=\"https:\/\/aginova.ufms.br\/files\/2016\/03\/IMG-20160319-WA0011.jpg\" data-src=\"https:\/\/aginova.ufms.br\/files\/2016\/03\/IMG-20160319-WA0011.jpg\" data-thumb=\"https:\/\/aginova.ufms.br\/files\/2016\/03\/IMG-20160319-WA0011.jpg\" class=\"ml-enlarge-override\"><img decoding=\"async\" width=\"300\" height=\"169\" src=\"https:\/\/aginova.ufms.br\/files\/2016\/03\/IMG-20160319-WA0011-300x169.jpg\" class=\"attachment-medium size-medium\" alt=\"\" aria-describedby=\"gallery-1-2232\" srcset=\"https:\/\/aginova.ufms.br\/files\/2016\/03\/IMG-20160319-WA0011-300x169.jpg 300w, https:\/\/aginova.ufms.br\/files\/2016\/03\/IMG-20160319-WA0011-768x432.jpg 768w, https:\/\/aginova.ufms.br\/files\/2016\/03\/IMG-20160319-WA0011-1024x576.jpg 1024w, https:\/\/aginova.ufms.br\/files\/2016\/03\/IMG-20160319-WA0011-569x320.jpg 569w, https:\/\/aginova.ufms.br\/files\/2016\/03\/IMG-20160319-WA0011.jpg 1280w\" sizes=\"(max-width: 300px) 100vw, 300px\" \/><\/a>\n\t\t\t<\/dt>\n\t\t\t\t<dd class='wp-caption-text gallery-caption' id='gallery-1-2232'>\n\t\t\t\tProcesso seletivo &#8211; Projeto Empreendendo\n\t\t\t\t<\/dd><\/dl><br style=\"clear: both\" \/>\n\t\t<\/div>\n\n","protected":false},"excerpt":{"rendered":"<p>O \u201cProjeto Empreendendo na cidade de Campo Grande (MS): uma alternativa na forma\u00e7\u00e3o de alunos\/as em conclus\u00e3o do ensino m\u00e9dio de escolas p\u00fablicas\u201d, um projeto de empreendedorismo voltado aos alunos do \u00faltimo ano do ensino m\u00e9dio da rede p\u00fablica, teve seu processo seletivo realizado neste s\u00e1bado (19\/03\/2016). O processo seletivo ocorreu entre 8h30min e 11h [&hellip;]<\/p>\n","protected":false},"author":2659,"featured_media":0,"comment_status":"closed","ping_status":"open","sticky":false,"template":"","format":"standard","meta":{"ngg_post_thumbnail":0,"footnotes":""},"categories":[203],"tags":[],"coauthors":[],"class_list":["post-2227","post","type-post","status-publish","format-standard","hentry","category-noticias-empreendedorismo-inovacao"],"_links":{"self":[{"href":"https:\/\/aginova.ufms.br\/en\/wp-json\/wp\/v2\/posts\/2227","targetHints":{"allow":["GET"]}}],"collection":[{"href":"https:\/\/aginova.ufms.br\/en\/wp-json\/wp\/v2\/posts"}],"about":[{"href":"https:\/\/aginova.ufms.br\/en\/wp-json\/wp\/v2\/types\/post"}],"author":[{"embeddable":true,"href":"https:\/\/aginova.ufms.br\/en\/wp-json\/wp\/v2\/users\/2659"}],"replies":[{"embeddable":true,"href":"https:\/\/aginova.ufms.br\/en\/wp-json\/wp\/v2\/comments?post=2227"}],"version-history":[{"count":6,"href":"https:\/\/aginova.ufms.br\/en\/wp-json\/wp\/v2\/posts\/2227\/revisions"}],"predecessor-version":[{"id":11969,"href":"https:\/\/aginova.ufms.br\/en\/wp-json\/wp\/v2\/posts\/2227\/revisions\/11969"}],"wp:attachment":[{"href":"https:\/\/aginova.ufms.br\/en\/wp-json\/wp\/v2\/media?parent=2227"}],"wp:term":[{"taxonomy":"category","embeddable":true,"href":"https:\/\/aginova.ufms.br\/en\/wp-json\/wp\/v2\/categories?post=2227"},{"taxonomy":"post_tag","embeddable":true,"href":"https:\/\/aginova.ufms.br\/en\/wp-json\/wp\/v2\/tags?post=2227"},{"taxonomy":"author","embeddable":true,"href":"https:\/\/aginova.ufms.br\/en\/wp-json\/wp\/v2\/coauthors?post=2227"}],"curies":[{"name":"wp","href":"https:\/\/api.w.org\/{rel}","templated":true}]}}