{"id":2255,"date":"2016-04-27T19:58:57","date_gmt":"2016-04-27T23:58:57","guid":{"rendered":"http:\/\/inovacao.bellatrix.ufms.br\/?p=2255"},"modified":"2022-07-22T13:50:54","modified_gmt":"2022-07-22T17:50:54","slug":"inscricoes-abertas-educacao-empreendedora-na-ufms","status":"publish","type":"post","link":"https:\/\/aginova.ufms.br\/en\/inscricoes-abertas-educacao-empreendedora-na-ufms\/","title":{"rendered":"Educa\u00e7\u00e3o Empreendedora abre 4 vagas para discentes de gradua\u00e7\u00e3o"},"content":{"rendered":"<p>Est\u00e3o abertas as inscri\u00e7\u00f5es para o edital de chamada p\u00fablica Sebrae\u00a0 \u2013 UCE No001\/2013 Educa\u00e7\u00e3o Empreendedora nas Institui\u00e7\u00f5es de Ensino Superior \u2013\u00a0\u201cEduca\u00e7\u00e3o empreendedora na UFMS\u201d, que disponibiliza <strong>quatro vagas<\/strong> para alunos e alunas de gradua\u00e7\u00e3o da UFMS. As vagas s\u00e3o remuneradas com vig\u00eancia prevista de cinco meses, e\u00a0carga hor\u00e1ria de 20 horas semanais, nas\u00a0sub\u00e1reas tecnologia da informa\u00e7\u00e3o, comunica\u00e7\u00e3o e educa\u00e7\u00e3o empreendedora.<\/p>\n<p>O prazo de inscri\u00e7\u00e3o \u00e9 de <strong>28 de abril a 05 de maio de 2016<\/strong>, pelo e-mail empreendedorismo.propp@ufms.br. Os candidatos devem enviar a ficha de inscri\u00e7\u00e3o preenchida juntamente com os documentos exigidos em edital.<\/p>\n<p>&nbsp;<\/p>\n<p><a href=\"http:\/\/inovacao.bellatrix.ufms.br\/files\/2016\/04\/21-EDITAL-bolsas-2016-publica\u00e7\u00e3o.pdf\" rel=\"\">Clique aqui para acessar o EDITAL<\/a><\/p>\n<p><a href=\"http:\/\/inovacao.bellatrix.ufms.br\/files\/2016\/04\/Ficha-de-inscri\u00e7\u00e3o-Edital-21.2016.doc\" rel=\"\">Clique aqui para acessar a FICHA DE INSCRI\u00c7\u00c3O (download)<\/a><\/p>\n<p>&nbsp;<\/p>\n<p>O projeto \u201cEduca\u00e7\u00e3o Empreendedora na UFMS\u201d, em parceria com o SEBRAE, tem como objetivo identificar\u00a0os princ\u00edpios para a constru\u00e7\u00e3o do aprendizado e do conhecimento que promova o empreendedorismo nas\u00a0Institui\u00e7\u00f5es de Ensino Superior. Para saber mais, acesse a p\u00e1gina Educa\u00e7\u00e3o Empreendedora <a href=\"http:\/\/inovacao.bellatrix.ufms.br\/educacao-empreendedora\/\" target=\"_blank\" rel=\"noopener\">clicando aqui.<\/a><\/p>\n","protected":false},"excerpt":{"rendered":"<p>Est\u00e3o abertas as inscri\u00e7\u00f5es para o edital de chamada p\u00fablica Sebrae\u00a0 \u2013 UCE No001\/2013 Educa\u00e7\u00e3o Empreendedora nas Institui\u00e7\u00f5es de Ensino Superior \u2013\u00a0\u201cEduca\u00e7\u00e3o empreendedora na UFMS\u201d, que disponibiliza quatro vagas para alunos e alunas de gradua\u00e7\u00e3o da UFMS. As vagas s\u00e3o remuneradas com vig\u00eancia prevista de cinco meses, e\u00a0carga hor\u00e1ria de 20 horas semanais, nas\u00a0sub\u00e1reas tecnologia [&hellip;]<\/p>\n","protected":false},"author":2659,"featured_media":0,"comment_status":"closed","ping_status":"open","sticky":false,"template":"","format":"standard","meta":{"ngg_post_thumbnail":0,"footnotes":""},"categories":[203],"tags":[],"coauthors":[],"class_list":["post-2255","post","type-post","status-publish","format-standard","hentry","category-noticias-empreendedorismo-inovacao"],"_links":{"self":[{"href":"https:\/\/aginova.ufms.br\/en\/wp-json\/wp\/v2\/posts\/2255","targetHints":{"allow":["GET"]}}],"collection":[{"href":"https:\/\/aginova.ufms.br\/en\/wp-json\/wp\/v2\/posts"}],"about":[{"href":"https:\/\/aginova.ufms.br\/en\/wp-json\/wp\/v2\/types\/post"}],"author":[{"embeddable":true,"href":"https:\/\/aginova.ufms.br\/en\/wp-json\/wp\/v2\/users\/2659"}],"replies":[{"embeddable":true,"href":"https:\/\/aginova.ufms.br\/en\/wp-json\/wp\/v2\/comments?post=2255"}],"version-history":[{"count":8,"href":"https:\/\/aginova.ufms.br\/en\/wp-json\/wp\/v2\/posts\/2255\/revisions"}],"predecessor-version":[{"id":11968,"href":"https:\/\/aginova.ufms.br\/en\/wp-json\/wp\/v2\/posts\/2255\/revisions\/11968"}],"wp:attachment":[{"href":"https:\/\/aginova.ufms.br\/en\/wp-json\/wp\/v2\/media?parent=2255"}],"wp:term":[{"taxonomy":"category","embeddable":true,"href":"https:\/\/aginova.ufms.br\/en\/wp-json\/wp\/v2\/categories?post=2255"},{"taxonomy":"post_tag","embeddable":true,"href":"https:\/\/aginova.ufms.br\/en\/wp-json\/wp\/v2\/tags?post=2255"},{"taxonomy":"author","embeddable":true,"href":"https:\/\/aginova.ufms.br\/en\/wp-json\/wp\/v2\/coauthors?post=2255"}],"curies":[{"name":"wp","href":"https:\/\/api.w.org\/{rel}","templated":true}]}}