{"id":2268,"date":"2016-05-08T22:40:57","date_gmt":"2016-05-09T02:40:57","guid":{"rendered":"http:\/\/inovacao.bellatrix.ufms.br\/?p=2268"},"modified":"2022-07-22T13:50:54","modified_gmt":"2022-07-22T17:50:54","slug":"resultado-final-processo-seletivo-educacao-empreendedora","status":"publish","type":"post","link":"https:\/\/aginova.ufms.br\/en\/resultado-final-processo-seletivo-educacao-empreendedora\/","title":{"rendered":"Resultado final &#8211; processo seletivo &#8220;Educa\u00e7\u00e3o Empreendedora&#8221;"},"content":{"rendered":"<p>Divulgado pela Comiss\u00e3o do projeto \u201cEduca\u00e7\u00e3o empreendedora na UFMS\u201d, o Resultado Final do processo seletivo do edital de chamada p\u00fablica Sebrae\u00a0 \u2013 UCE No001\/2013 Educa\u00e7\u00e3o Empreendedora nas Institui\u00e7\u00f5es de Ensino Superior \u2013\u00a0\u201cEduca\u00e7\u00e3o empreendedora na UFMS\u201d.<\/p>\n<p>O processo seletivo aconteceu no dia 06 de maio de 2016, na UFMS, visando\u00a0a sele\u00e7\u00e3o de 4 discentes de gradua\u00e7\u00e3o para preenchimento das vagas disponibilizadas (<a href=\"http:\/\/inovacao.bellatrix.ufms.br\/inscricoes-abertas-educacao-empreendedora-na-ufms\/\" target=\"_blank\" rel=\"noopener\">clique aqui para conferir a chamada do edital<\/a>).<\/p>\n<p>&nbsp;<\/p>\n<p><a href=\"http:\/\/inovacao.bellatrix.ufms.br\/files\/2016\/05\/Resultado-sele\u00e7\u00e3o.pdf\" rel=\"\">Acesse aqui o resultado final.<\/a><\/p>\n","protected":false},"excerpt":{"rendered":"<p>Divulgado pela Comiss\u00e3o do projeto \u201cEduca\u00e7\u00e3o empreendedora na UFMS\u201d, o Resultado Final do processo seletivo do edital de chamada p\u00fablica Sebrae\u00a0 \u2013 UCE No001\/2013 Educa\u00e7\u00e3o Empreendedora nas Institui\u00e7\u00f5es de Ensino Superior \u2013\u00a0\u201cEduca\u00e7\u00e3o empreendedora na UFMS\u201d. O processo seletivo aconteceu no dia 06 de maio de 2016, na UFMS, visando\u00a0a sele\u00e7\u00e3o de 4 discentes de gradua\u00e7\u00e3o [&hellip;]<\/p>\n","protected":false},"author":2659,"featured_media":2272,"comment_status":"closed","ping_status":"open","sticky":false,"template":"","format":"standard","meta":{"ngg_post_thumbnail":0,"footnotes":""},"categories":[203],"tags":[],"coauthors":[],"class_list":["post-2268","post","type-post","status-publish","format-standard","has-post-thumbnail","hentry","category-noticias-empreendedorismo-inovacao"],"_links":{"self":[{"href":"https:\/\/aginova.ufms.br\/en\/wp-json\/wp\/v2\/posts\/2268","targetHints":{"allow":["GET"]}}],"collection":[{"href":"https:\/\/aginova.ufms.br\/en\/wp-json\/wp\/v2\/posts"}],"about":[{"href":"https:\/\/aginova.ufms.br\/en\/wp-json\/wp\/v2\/types\/post"}],"author":[{"embeddable":true,"href":"https:\/\/aginova.ufms.br\/en\/wp-json\/wp\/v2\/users\/2659"}],"replies":[{"embeddable":true,"href":"https:\/\/aginova.ufms.br\/en\/wp-json\/wp\/v2\/comments?post=2268"}],"version-history":[{"count":3,"href":"https:\/\/aginova.ufms.br\/en\/wp-json\/wp\/v2\/posts\/2268\/revisions"}],"predecessor-version":[{"id":11967,"href":"https:\/\/aginova.ufms.br\/en\/wp-json\/wp\/v2\/posts\/2268\/revisions\/11967"}],"wp:featuredmedia":[{"embeddable":true,"href":"https:\/\/aginova.ufms.br\/en\/wp-json\/wp\/v2\/media\/2272"}],"wp:attachment":[{"href":"https:\/\/aginova.ufms.br\/en\/wp-json\/wp\/v2\/media?parent=2268"}],"wp:term":[{"taxonomy":"category","embeddable":true,"href":"https:\/\/aginova.ufms.br\/en\/wp-json\/wp\/v2\/categories?post=2268"},{"taxonomy":"post_tag","embeddable":true,"href":"https:\/\/aginova.ufms.br\/en\/wp-json\/wp\/v2\/tags?post=2268"},{"taxonomy":"author","embeddable":true,"href":"https:\/\/aginova.ufms.br\/en\/wp-json\/wp\/v2\/coauthors?post=2268"}],"curies":[{"name":"wp","href":"https:\/\/api.w.org\/{rel}","templated":true}]}}