{"id":2274,"date":"2016-05-13T12:23:03","date_gmt":"2016-05-13T16:23:03","guid":{"rendered":"http:\/\/inovacao.bellatrix.ufms.br\/?p=2274"},"modified":"2022-07-22T13:50:54","modified_gmt":"2022-07-22T17:50:54","slug":"palestra-e-workshop-empreendedorismo-na-universidade","status":"publish","type":"post","link":"https:\/\/aginova.ufms.br\/en\/palestra-e-workshop-empreendedorismo-na-universidade\/","title":{"rendered":"Palestra e workshop \u201cEmpreendedorismo na universidade\u201d"},"content":{"rendered":"<p>&nbsp;<\/p>\n<p>No dia 18.05.16, das 14h as 16h, no audit\u00f3rio 1 do Complexo Multiuso, acontecer\u00e1 a palestra seguida de workshop \u201cEmpreendedorismo na universidade\u201d. A palestra ser\u00e1 ministrada por Pedro Monteiro que contar\u00e1 com o auxilio de j\u00e1 empreendedores universit\u00e1rios da UFMS para condu\u00e7\u00e3o do workshop. A atividade tem o objetivo de sensibilizar alunos, principalmente calouros, a respeito do tema empreendedorismo para que os mesmos possam identificar oportunidades de mercado ao longo da gradua\u00e7\u00e3o, desde o in\u00edcio da mesma.<\/p>\n<p>Nas atividades durante o evento ser\u00e3o sorteados exemplares dos livros \u201cDecolando para o Futuro\u201d e \u201cEmpreendedorismo na veia: um aprendizado constante\u201d.<\/p>\n<p>&nbsp;<\/p>\n<p>CLIQUE NO LINK\u00a0PARA FAZER SUA INSCRI\u00c7\u00c3O:\u00a0<a href=\"http:\/\/goo.gl\/forms\/QzVbuUKDTb11rNSZ2\" target=\"_blank\" rel=\"noopener\">http:\/\/goo.gl\/forms\/QzVbuUKDTb11rNSZ2<\/a><\/p>\n<p>&nbsp;<\/p>\n<p>Palestrante: Pedro Monteiro \u00e9 formado em Rela\u00e7\u00f5es Internacionais pela PUC-SP. Em 2010 montou uma consultoria para o 3\u00ba setor, chamada Zeus Global Consult. Em 2012 entrou como s\u00f3cio na Compartibike, empresa focada em solu\u00e7\u00f5es para a mobilidade urbana atrav\u00e9s de sistemas de bike-sharing e bike-parking, onde est\u00e1 at\u00e9 hoje. Em 2014 fez o curso Global Competitiveness Leadership Program da Georgetown University. \u00c9 membro honor\u00e1rio do Instituto para a\u00a0Forma\u00e7\u00e3o de L\u00edderes de S\u00e3o Paulo, do qual faz parte desde 2012.<\/p>\n<p>&nbsp;<\/p>\n<p><img fetchpriority=\"high\" decoding=\"async\" class=\" wp-image-2288 aligncenter ml-lightbox-enabled\" src=\"http:\/\/inovacao.bellatrix.ufms.br\/files\/2016\/05\/Imagem-2-300x114.jpg\" alt=\"Imagem 2\" width=\"492\" height=\"187\" srcset=\"https:\/\/aginova.ufms.br\/files\/2016\/05\/Imagem-2-300x114.jpg 300w, https:\/\/aginova.ufms.br\/files\/2016\/05\/Imagem-2.jpg 720w\" sizes=\"(max-width: 492px) 100vw, 492px\" \/><\/p>\n","protected":false},"excerpt":{"rendered":"<p>&nbsp; No dia 18.05.16, das 14h as 16h, no audit\u00f3rio 1 do Complexo Multiuso, acontecer\u00e1 a palestra seguida de workshop \u201cEmpreendedorismo na universidade\u201d. A palestra ser\u00e1 ministrada por Pedro Monteiro que contar\u00e1 com o auxilio de j\u00e1 empreendedores universit\u00e1rios da UFMS para condu\u00e7\u00e3o do workshop. A atividade tem o objetivo de sensibilizar alunos, principalmente calouros, [&hellip;]<\/p>\n","protected":false},"author":2659,"featured_media":2287,"comment_status":"closed","ping_status":"open","sticky":false,"template":"","format":"standard","meta":{"ngg_post_thumbnail":0,"footnotes":""},"categories":[203],"tags":[],"coauthors":[],"class_list":["post-2274","post","type-post","status-publish","format-standard","has-post-thumbnail","hentry","category-noticias-empreendedorismo-inovacao"],"_links":{"self":[{"href":"https:\/\/aginova.ufms.br\/en\/wp-json\/wp\/v2\/posts\/2274","targetHints":{"allow":["GET"]}}],"collection":[{"href":"https:\/\/aginova.ufms.br\/en\/wp-json\/wp\/v2\/posts"}],"about":[{"href":"https:\/\/aginova.ufms.br\/en\/wp-json\/wp\/v2\/types\/post"}],"author":[{"embeddable":true,"href":"https:\/\/aginova.ufms.br\/en\/wp-json\/wp\/v2\/users\/2659"}],"replies":[{"embeddable":true,"href":"https:\/\/aginova.ufms.br\/en\/wp-json\/wp\/v2\/comments?post=2274"}],"version-history":[{"count":6,"href":"https:\/\/aginova.ufms.br\/en\/wp-json\/wp\/v2\/posts\/2274\/revisions"}],"predecessor-version":[{"id":11966,"href":"https:\/\/aginova.ufms.br\/en\/wp-json\/wp\/v2\/posts\/2274\/revisions\/11966"}],"wp:featuredmedia":[{"embeddable":true,"href":"https:\/\/aginova.ufms.br\/en\/wp-json\/wp\/v2\/media\/2287"}],"wp:attachment":[{"href":"https:\/\/aginova.ufms.br\/en\/wp-json\/wp\/v2\/media?parent=2274"}],"wp:term":[{"taxonomy":"category","embeddable":true,"href":"https:\/\/aginova.ufms.br\/en\/wp-json\/wp\/v2\/categories?post=2274"},{"taxonomy":"post_tag","embeddable":true,"href":"https:\/\/aginova.ufms.br\/en\/wp-json\/wp\/v2\/tags?post=2274"},{"taxonomy":"author","embeddable":true,"href":"https:\/\/aginova.ufms.br\/en\/wp-json\/wp\/v2\/coauthors?post=2274"}],"curies":[{"name":"wp","href":"https:\/\/api.w.org\/{rel}","templated":true}]}}